{"id":293240,"date":"2026-04-15T16:40:40","date_gmt":"2026-04-15T16:40:40","guid":{"rendered":"https:\/\/ami.mr\/fr\/?p=293240"},"modified":"2026-04-15T16:40:40","modified_gmt":"2026-04-15T16:40:40","slug":"le-wali-de-nouakchott-nord-visite-des-marches-de-produits-de-base","status":"publish","type":"post","link":"https:\/\/ami.mr\/fr\/archives\/293240","title":{"rendered":"Le wali de Nouakchott Nord visite des march\u00e9s de produits de base"},"content":{"rendered":"<p>Le wali de Nouakchott Nord, M. Naji Ould Khatri, a effectu\u00e9, mercredi, une visite d&#8217;inspection et d&#8217;information dans plusieurs march\u00e9s de produits de base dans la wilaya, notamment les abattoirs de Teyarett, de Toujounine, le march\u00e9 des produits alimentaires de Teyarett, ainsi que plusieurs points de vente de gaz domestique.<\/p>\n<p>Au cours de cette visite, le wali a parcouru les deux march\u00e9s et les points de vente de gaz, et a pris connaissance sur le terrain de la situation de l&#8217;approvisionnement, \u00e9coutant des explications d\u00e9taill\u00e9es sur la disponibilit\u00e9 des produits de base et le niveau de respect des prix fix\u00e9s.<\/p>\n<p>Dans une d\u00e9claration \u00e0 l&#8217;Agence Mauritanienne d&#8217;Information, le wali a indiqu\u00e9 que cette visite s&#8217;inscrit dans le cadre du suivi sur le terrain de la situation des march\u00e9s, la v\u00e9rification de la disponibilit\u00e9 des produits de consommation, en plus du contr\u00f4le du respect des prix approuv\u00e9s, ajoutant que la viande est disponible aux prix fix\u00e9s, ce qui renforce la stabilit\u00e9 du march\u00e9 et contribue \u00e0 prot\u00e9ger le pouvoir d&#8217;achat des citoyens, et insistant sur la n\u00e9cessit\u00e9 de respecter les prix fix\u00e9s par les autorit\u00e9s.<\/p>\n<p>De son c\u00f4t\u00e9, le maire de la commune de Teyarett, M. Ahmed Ould Ally, a exprim\u00e9 ses remerciements aux autorit\u00e9s pour cette visite visant \u00e0 renforcer le contr\u00f4le des march\u00e9s et \u00e0 garantir leur approvisionnement, confirmant que tous les produits de consommation sont disponibles.<\/p>\n<p>\u00c0 son tour, M. Dahane Ould Mohamed Horma, chef de la section de la F\u00e9d\u00e9ration des commer\u00e7ants du march\u00e9 de Teyarett, a confirm\u00e9 la disponibilit\u00e9 de tous les produits de base sur le march\u00e9, aux prix fix\u00e9s par l&#8217;\u00c9tat.<\/p>\n<p>Le wali \u00e9tait accompagn\u00e9 lors de cette visite par les hakems des moughataas et les \u00e9lus, ainsi que par les autorit\u00e9s de s\u00e9curit\u00e9.<\/p>\n<p>&nbsp;<\/p>\n<p>&nbsp;<\/p>\n<p>&nbsp;<\/p>\n","protected":false},"excerpt":{"rendered":"<p>Le wali de Nouakchott Nord, M. Naji Ould Khatri, a effectu\u00e9, mercredi, une visite d&#8217;inspection et d&#8217;information dans plusieurs march\u00e9s de produits de base dans la wilaya, notamment les abattoirs de Teyarett, de Toujounine, le march\u00e9 des produits alimentaires de Teyarett, ainsi que plusieurs points de vente de gaz domestique. Au cours de cette visite, [&hellip;]<\/p>\n","protected":false},"author":5,"featured_media":293242,"comment_status":"open","ping_status":"open","sticky":false,"template":"","format":"standard","meta":{"footnotes":""},"categories":[63918,63957,63959,63927],"tags":[],"class_list":["post-293240","post","type-post","status-publish","format-standard","has-post-thumbnail","hentry","category-autres","category-fil-dactualite","category-mauritanie","category-slider-mauritanie"],"_links":{"self":[{"href":"https:\/\/ami.mr\/fr\/wp-json\/wp\/v2\/posts\/293240","targetHints":{"allow":["GET"]}}],"collection":[{"href":"https:\/\/ami.mr\/fr\/wp-json\/wp\/v2\/posts"}],"about":[{"href":"https:\/\/ami.mr\/fr\/wp-json\/wp\/v2\/types\/post"}],"author":[{"embeddable":true,"href":"https:\/\/ami.mr\/fr\/wp-json\/wp\/v2\/users\/5"}],"replies":[{"embeddable":true,"href":"https:\/\/ami.mr\/fr\/wp-json\/wp\/v2\/comments?post=293240"}],"version-history":[{"count":1,"href":"https:\/\/ami.mr\/fr\/wp-json\/wp\/v2\/posts\/293240\/revisions"}],"predecessor-version":[{"id":293243,"href":"https:\/\/ami.mr\/fr\/wp-json\/wp\/v2\/posts\/293240\/revisions\/293243"}],"wp:featuredmedia":[{"embeddable":true,"href":"https:\/\/ami.mr\/fr\/wp-json\/wp\/v2\/media\/293242"}],"wp:attachment":[{"href":"https:\/\/ami.mr\/fr\/wp-json\/wp\/v2\/media?parent=293240"}],"wp:term":[{"taxonomy":"category","embeddable":true,"href":"https:\/\/ami.mr\/fr\/wp-json\/wp\/v2\/categories?post=293240"},{"taxonomy":"post_tag","embeddable":true,"href":"https:\/\/ami.mr\/fr\/wp-json\/wp\/v2\/tags?post=293240"}],"curies":[{"name":"wp","href":"https:\/\/api.w.org\/{rel}","templated":true}]}}