{"id":293206,"date":"2026-04-14T21:27:58","date_gmt":"2026-04-14T21:27:58","guid":{"rendered":"https:\/\/ami.mr\/fr\/?p=293206"},"modified":"2026-04-14T21:27:58","modified_gmt":"2026-04-14T21:27:58","slug":"la-ministre-de-leducation-recoit-une-delegation-de-la-banque-islamique-de-developpement","status":"publish","type":"post","link":"https:\/\/ami.mr\/fr\/archives\/293206","title":{"rendered":"La ministre de l\u2019\u00c9ducation re\u00e7oit une d\u00e9l\u00e9gation de la Banque islamique de d\u00e9veloppement"},"content":{"rendered":"<div class=\"row\"><\/div>\n<div class=\"row\">\n<div class=\"cell auto-size\">\n<div class=\"set-border bd-gray padding10 margin10 no-margin-right no-margin-left \" dir=\"ltr\">\n<p>La ministre de l\u2019\u00c9ducation et de la R\u00e9forme du Syst\u00e8me d&#8217;Enseignement, Mme Houda Babah, a re\u00e7u, ce mardi soir, dans son bureau \u00e0 Nouakchott, une d\u00e9l\u00e9gation de la Banque islamique de d\u00e9veloppement, conduite par M. Mohamed Alusta, responsable des op\u00e9rations d\u2019infrastructures sociales au bureau r\u00e9gional de la Banque \u00e0 Rabat.<\/p>\n<p>La rencontre a constitu\u00e9 une occasion d\u2019examiner les relations bilat\u00e9rales, ainsi que de passer en revue les aspects de la coop\u00e9ration et le niveau d\u2019avancement des projets communs.<\/p>\n<p>Au cours de la r\u00e9union, la ministre a pr\u00e9sent\u00e9 les r\u00e9formes structurelles mises en \u0153uvre dans le secteur de l\u2019\u00e9ducation, ainsi que les principaux chantiers de r\u00e9forme susceptibles de faire l\u2019objet d\u2019une coop\u00e9ration, notamment la transformation num\u00e9rique, le soutien \u00e0 une scolarisation inclusive et \u00e9quitable, et la promotion de l\u2019enseignement des sciences et des technologies.<\/p>\n<p>De son c\u00f4t\u00e9, le chef de la d\u00e9l\u00e9gation de la Banque islamique de d\u00e9veloppement a affirm\u00e9 la disponibilit\u00e9 de son institution \u00e0 accompagner le secteur et \u00e0 le soutenir face aux d\u00e9fis li\u00e9s \u00e0 la mise en \u0153uvre de ces chantiers, notamment \u00e0 travers le partage des exp\u00e9riences r\u00e9ussies et le renforcement des capacit\u00e9s des ressources humaines.<\/p>\n<p>Les deux parties sont convenues de renforcer la concertation et les \u00e9changes r\u00e9guliers dans un cadre global que les \u00e9quipes techniques s\u2019attacheront \u00e0 approfondir, soulignant que cet accompagnement continu est essentiel pour garantir un soutien durable \u00e0 la mise en \u0153uvre des r\u00e9formes.<\/p>\n<\/div>\n<\/div>\n<\/div>\n","protected":false},"excerpt":{"rendered":"<p>La ministre de l\u2019\u00c9ducation et de la R\u00e9forme du Syst\u00e8me d&#8217;Enseignement, Mme Houda Babah, a re\u00e7u, ce mardi soir, dans son bureau \u00e0 Nouakchott, une d\u00e9l\u00e9gation de la Banque islamique de d\u00e9veloppement, conduite par M. Mohamed Alusta, responsable des op\u00e9rations d\u2019infrastructures sociales au bureau r\u00e9gional de la Banque \u00e0 Rabat. La rencontre a constitu\u00e9 une [&hellip;]<\/p>\n","protected":false},"author":8,"featured_media":293207,"comment_status":"open","ping_status":"open","sticky":false,"template":"","format":"standard","meta":{"footnotes":""},"categories":[63918,63957],"tags":[],"class_list":["post-293206","post","type-post","status-publish","format-standard","has-post-thumbnail","hentry","category-autres","category-fil-dactualite"],"_links":{"self":[{"href":"https:\/\/ami.mr\/fr\/wp-json\/wp\/v2\/posts\/293206","targetHints":{"allow":["GET"]}}],"collection":[{"href":"https:\/\/ami.mr\/fr\/wp-json\/wp\/v2\/posts"}],"about":[{"href":"https:\/\/ami.mr\/fr\/wp-json\/wp\/v2\/types\/post"}],"author":[{"embeddable":true,"href":"https:\/\/ami.mr\/fr\/wp-json\/wp\/v2\/users\/8"}],"replies":[{"embeddable":true,"href":"https:\/\/ami.mr\/fr\/wp-json\/wp\/v2\/comments?post=293206"}],"version-history":[{"count":1,"href":"https:\/\/ami.mr\/fr\/wp-json\/wp\/v2\/posts\/293206\/revisions"}],"predecessor-version":[{"id":293208,"href":"https:\/\/ami.mr\/fr\/wp-json\/wp\/v2\/posts\/293206\/revisions\/293208"}],"wp:featuredmedia":[{"embeddable":true,"href":"https:\/\/ami.mr\/fr\/wp-json\/wp\/v2\/media\/293207"}],"wp:attachment":[{"href":"https:\/\/ami.mr\/fr\/wp-json\/wp\/v2\/media?parent=293206"}],"wp:term":[{"taxonomy":"category","embeddable":true,"href":"https:\/\/ami.mr\/fr\/wp-json\/wp\/v2\/categories?post=293206"},{"taxonomy":"post_tag","embeddable":true,"href":"https:\/\/ami.mr\/fr\/wp-json\/wp\/v2\/tags?post=293206"}],"curies":[{"name":"wp","href":"https:\/\/api.w.org\/{rel}","templated":true}]}}