{"id":293171,"date":"2026-04-14T16:12:19","date_gmt":"2026-04-14T16:12:19","guid":{"rendered":"https:\/\/ami.mr\/fr\/?p=293171"},"modified":"2026-04-14T16:12:19","modified_gmt":"2026-04-14T16:12:19","slug":"le-wali-de-trarza-inspecte-les-travaux-de-construction-de-certaines-infrastructures-de-service","status":"publish","type":"post","link":"https:\/\/ami.mr\/fr\/archives\/293171","title":{"rendered":"Le wali de Trarza inspecte les travaux de construction de certaines infrastructures de service"},"content":{"rendered":"<p>Le wali du Trarza, M. Ahmedna Ould Sidi Abbe, a effectu\u00e9, mardi, une visite d&#8217;inspection et de constatation de l\u2019\u00e9volution des travaux de construction de certaines infrastructures de service au kilom\u00e8tre 7, dans la commune de Rosso.<br \/>\nLa visite a inclus des chantiers de construction d&#8217;un centre de sant\u00e9, d&#8217;une \u00e9cole primaire et d&#8217;un site d&#8217;extension du r\u00e9seau \u00e9lectrique dont les travaux sont achev\u00e9s.<br \/>\nLe wali a pris connaissance sur le terrain des \u00e9tapes d&#8217;avancement des travaux dans ces infrastructures et a \u00e9cout\u00e9 des explications sur les proc\u00e9dures suivies pour la construction de ces installations conform\u00e9ment aux exigences du cahier de charges.<br \/>\nLe wali a d\u00e9clar\u00e9, dans un entretien avec l&#8217;Agence Mauritanienne d&#8217;Information, que ces infrastructures s&#8217;inscrivent dans le cadre du programme de l&#8217;\u00c9tat visant \u00e0 \u00e9largir les services de base, en soulignant que le kilom\u00e8tre 7 est devenu un grand village ayant un besoin urgent de fournir des services essentiels.<br \/>\nIl a not\u00e9 que les travaux au niveau du centre de sant\u00e9 ont d\u00e9pass\u00e9 48%. Il a ajout\u00e9 que les travaux relatifs \u00e0 l&#8217;extension \u00e9lectrique qui s&#8217;inscrivent dans le cadre d&#8217;un partenariat entre le minist\u00e8re de l&#8217;\u00c9nergie et du P\u00e9trole et Taazour au niveau annexes du pont de Rosso, sont achev\u00e9s, soulignant que l&#8217;extension des abonnements sociaux se poursuit.<br \/>\nDe plus, le wali a affirm\u00e9 que les travaux de construction de l&#8217;\u00e9cole primaire, qui sont \u00e9galement r\u00e9alis\u00e9s dans le cadre des annexes du pont de Rosso, avancent.<br \/>\nIl a pr\u00e9cis\u00e9 que la visite s&#8217;inscrit dans le cadre du suivi quotidien des travaux li\u00e9s \u00e0 l&#8217;ex\u00e9cution des projets r\u00e9alis\u00e9s par l&#8217;\u00c9tat, o\u00f9 des rapports p\u00e9riodiques sont pr\u00e9par\u00e9s sur l&#8217;\u00e9tat d&#8217;avancement de ces projets, invitant les responsables des travaux de se conformer strictement aux contenus du cahier de charges.<br \/>\nLa visite s&#8217;est d\u00e9roul\u00e9e en pr\u00e9sence du hakem de Rosso, du m\u00e9decin-chef du centre de sant\u00e9 de Rosso, et de plusieurs chefs de services r\u00e9gionaux.<\/p>\n","protected":false},"excerpt":{"rendered":"<p>Le wali du Trarza, M. Ahmedna Ould Sidi Abbe, a effectu\u00e9, mardi, une visite d&#8217;inspection et de constatation de l\u2019\u00e9volution des travaux de construction de certaines infrastructures de service au kilom\u00e8tre 7, dans la commune de Rosso. La visite a inclus des chantiers de construction d&#8217;un centre de sant\u00e9, d&#8217;une \u00e9cole primaire et d&#8217;un site [&hellip;]<\/p>\n","protected":false},"author":2,"featured_media":293172,"comment_status":"open","ping_status":"open","sticky":false,"template":"","format":"standard","meta":{"footnotes":""},"categories":[63918,63957,8672],"tags":[],"class_list":["post-293171","post","type-post","status-publish","format-standard","has-post-thumbnail","hentry","category-autres","category-fil-dactualite","category-8672"],"_links":{"self":[{"href":"https:\/\/ami.mr\/fr\/wp-json\/wp\/v2\/posts\/293171","targetHints":{"allow":["GET"]}}],"collection":[{"href":"https:\/\/ami.mr\/fr\/wp-json\/wp\/v2\/posts"}],"about":[{"href":"https:\/\/ami.mr\/fr\/wp-json\/wp\/v2\/types\/post"}],"author":[{"embeddable":true,"href":"https:\/\/ami.mr\/fr\/wp-json\/wp\/v2\/users\/2"}],"replies":[{"embeddable":true,"href":"https:\/\/ami.mr\/fr\/wp-json\/wp\/v2\/comments?post=293171"}],"version-history":[{"count":1,"href":"https:\/\/ami.mr\/fr\/wp-json\/wp\/v2\/posts\/293171\/revisions"}],"predecessor-version":[{"id":293173,"href":"https:\/\/ami.mr\/fr\/wp-json\/wp\/v2\/posts\/293171\/revisions\/293173"}],"wp:featuredmedia":[{"embeddable":true,"href":"https:\/\/ami.mr\/fr\/wp-json\/wp\/v2\/media\/293172"}],"wp:attachment":[{"href":"https:\/\/ami.mr\/fr\/wp-json\/wp\/v2\/media?parent=293171"}],"wp:term":[{"taxonomy":"category","embeddable":true,"href":"https:\/\/ami.mr\/fr\/wp-json\/wp\/v2\/categories?post=293171"},{"taxonomy":"post_tag","embeddable":true,"href":"https:\/\/ami.mr\/fr\/wp-json\/wp\/v2\/tags?post=293171"}],"curies":[{"name":"wp","href":"https:\/\/api.w.org\/{rel}","templated":true}]}}