{"id":293143,"date":"2026-04-14T11:59:22","date_gmt":"2026-04-14T11:59:22","guid":{"rendered":"https:\/\/ami.mr\/fr\/?p=293143"},"modified":"2026-04-14T13:12:19","modified_gmt":"2026-04-14T13:12:19","slug":"le-president-de-la-republique-felicite-le-president-de-la-republique-populaire-democratique-de-coree-6","status":"publish","type":"post","link":"https:\/\/ami.mr\/fr\/archives\/293143","title":{"rendered":"Le Pr\u00e9sident de la R\u00e9publique f\u00e9licite le Pr\u00e9sident de la R\u00e9publique populaire d\u00e9mocratique de Cor\u00e9e"},"content":{"rendered":"<p>Son Excellence le Pr\u00e9sident de la R\u00e9publique, Monsieur Mohamed Ould Cheikh El Ghazouani, a adress\u00e9, mardi, le message de f\u00e9licitation qui suit \u00e0 Son Excellence M. Kim Jong-un, Guide supr\u00eame, Pr\u00e9sident de la Commission des affaires de l\u2019\u00c9tat, Pr\u00e9sident du Parti travailliste de Cor\u00e9e, Commandant supr\u00eame de l\u2019Arm\u00e9e populaire de la R\u00e9publique Populaire D\u00e9mocratique de Cor\u00e9e \u00e0 l&#8217;occasion de la f\u00eate nationale de son pays :<\/p>\n<p>\u2018\u2019Excellence,<\/p>\n<p>\u201d\u00c0 l\u2019occasion de la f\u00eate nationale de votre pays, j\u2019ai le plaisir de vous adresser mes plus chaleureuses f\u00e9licitations et de souhaiter au peuple ami de la R\u00e9publique populaire d\u00e9mocratique de Cor\u00e9e toujours plus de progr\u00e8s et de prosp\u00e9rit\u00e9.<\/p>\n<p>Je r\u00e9affirme \u00e9galement notre engagement \u00e0 poursuivre nos efforts pour renforcer et d\u00e9velopper la coop\u00e9ration existante entre nos deux pays, au service des int\u00e9r\u00eats de nos deux peuples amis.<\/p>\n<p>Veuillez agr\u00e9er, Excellence, l\u2019expression de ma tr\u00e8s haute consid\u00e9ration.<\/p>\n<p>Mohamed OULD CHEIKH EL GHAZOUANI\u2019\u2019.<\/p>\n","protected":false},"excerpt":{"rendered":"<p>Son Excellence le Pr\u00e9sident de la R\u00e9publique, Monsieur Mohamed Ould Cheikh El Ghazouani, a adress\u00e9, mardi, le message de f\u00e9licitation qui suit \u00e0 Son Excellence M. Kim Jong-un, Guide supr\u00eame, Pr\u00e9sident de la Commission des affaires de l\u2019\u00c9tat, Pr\u00e9sident du Parti travailliste de Cor\u00e9e, Commandant supr\u00eame de l\u2019Arm\u00e9e populaire de la R\u00e9publique Populaire D\u00e9mocratique de [&hellip;]<\/p>\n","protected":false},"author":2,"featured_media":293144,"comment_status":"open","ping_status":"open","sticky":false,"template":"","format":"standard","meta":{"footnotes":""},"categories":[63919,63957,25,63921,63926],"tags":[],"class_list":["post-293143","post","type-post","status-publish","format-standard","has-post-thumbnail","hentry","category-choix-du-redacteur","category-fil-dactualite","category-25","category-slider-afficher","category-slider-general"],"_links":{"self":[{"href":"https:\/\/ami.mr\/fr\/wp-json\/wp\/v2\/posts\/293143","targetHints":{"allow":["GET"]}}],"collection":[{"href":"https:\/\/ami.mr\/fr\/wp-json\/wp\/v2\/posts"}],"about":[{"href":"https:\/\/ami.mr\/fr\/wp-json\/wp\/v2\/types\/post"}],"author":[{"embeddable":true,"href":"https:\/\/ami.mr\/fr\/wp-json\/wp\/v2\/users\/2"}],"replies":[{"embeddable":true,"href":"https:\/\/ami.mr\/fr\/wp-json\/wp\/v2\/comments?post=293143"}],"version-history":[{"count":1,"href":"https:\/\/ami.mr\/fr\/wp-json\/wp\/v2\/posts\/293143\/revisions"}],"predecessor-version":[{"id":293145,"href":"https:\/\/ami.mr\/fr\/wp-json\/wp\/v2\/posts\/293143\/revisions\/293145"}],"wp:featuredmedia":[{"embeddable":true,"href":"https:\/\/ami.mr\/fr\/wp-json\/wp\/v2\/media\/293144"}],"wp:attachment":[{"href":"https:\/\/ami.mr\/fr\/wp-json\/wp\/v2\/media?parent=293143"}],"wp:term":[{"taxonomy":"category","embeddable":true,"href":"https:\/\/ami.mr\/fr\/wp-json\/wp\/v2\/categories?post=293143"},{"taxonomy":"post_tag","embeddable":true,"href":"https:\/\/ami.mr\/fr\/wp-json\/wp\/v2\/tags?post=293143"}],"curies":[{"name":"wp","href":"https:\/\/api.w.org\/{rel}","templated":true}]}}