{"id":293005,"date":"2026-04-11T18:49:09","date_gmt":"2026-04-11T18:49:09","guid":{"rendered":"https:\/\/ami.mr\/fr\/?p=293005"},"modified":"2026-04-11T18:49:09","modified_gmt":"2026-04-11T18:49:09","slug":"le-wali-de-nouakchott-ouest-visite-le-marche-des-produits-alimentaires-et-un-point-de-vente-de-gaz-domestique-dans-la-moughataa-de-tevragh-zeina","status":"publish","type":"post","link":"https:\/\/ami.mr\/fr\/archives\/293005","title":{"rendered":"Le Wali de Nouakchott Ouest visite le march\u00e9 des produits alimentaires et un point de vente de gaz domestique dans la moughataa de Tevragh Zeina"},"content":{"rendered":"<p>Le Wali de Nouakchott Ouest, M. Hammoud Ould M&#8217;hamed, a effectu\u00e9 ce samedi une visite d&#8217;inspection et d&#8217;information au march\u00e9 des produits alimentaires localement connu sous le nom de &#8220;Souk Errizq&#8221; dans la moughataa de Tevragh Zeina, dans le cadre du suivi de la situation de l&#8217;approvisionnement et de la v\u00e9rification de la disponibilit\u00e9 des produits de base.<\/p>\n<p>La visite a \u00e9galement inclus l&#8217;un des points de vente de gaz domestique, mis en place par la wilaya en collaboration avec les soci\u00e9t\u00e9s Rim Gaz, Somagaz et Mauri Gaz, situ\u00e9 pr\u00e8s du Complexe Olympique.<\/p>\n<p>Cette tourn\u00e9e vise \u00e0 s&#8217;assurer de l&#8217;abondance des denr\u00e9es alimentaires et du gaz domestique, et \u00e0 garantir leur vente aux prix fix\u00e9s, afin de renforcer la stabilit\u00e9 du march\u00e9 et de prot\u00e9ger le pouvoir d&#8217;achat des citoyens.<\/p>\n<p>\u00c0 la fin de la visite, le Wali a expliqu\u00e9 que la situation internationale actuelle, avec ses d\u00e9fis exceptionnels, a n\u00e9cessit\u00e9 la prise d&#8217;une s\u00e9rie de mesures d&#8217;urgence et de pr\u00e9caution, sous les hautes directives de Son Excellence le Pr\u00e9sident de la R\u00e9publique, Monsieur Mohamed Ould Cheikh El Ghazouani, dans le but d&#8217;assurer les besoins des citoyens et de maintenir la stabilit\u00e9 des march\u00e9s.<\/p>\n<p>Il a soulign\u00e9 que la wilaya de Nouakchott Ouest abrite les plus grands march\u00e9s du pays et joue un r\u00f4le central dans l&#8217;approvisionnement des diff\u00e9rentes wilayas du pays.<\/p>\n<p>Il a averti qu&#8217;ils ne feront preuve d&#8217;aucune indulgence envers toute pratique susceptible de perturber la stabilit\u00e9 du march\u00e9.<\/p>\n<p>Le Wali a affirm\u00e9 que les autorit\u00e9s publiques appliqueront la loi avec fermet\u00e9 \u00e0 quiconque se livrera \u00e0 la sp\u00e9culation, \u00e0 la th\u00e9saurisation, au refus de vendre des marchandises ou \u00e0 la manipulation des prix fix\u00e9s.<\/p>\n<p>Il a indiqu\u00e9 que toutes les \u00e9quipes de protection des consommateurs ont \u00e9t\u00e9 mobilis\u00e9es, en coordination avec les diff\u00e9rents services de s\u00e9curit\u00e9, pour surveiller les march\u00e9s et faire face \u00e0 toutes les infractions, afin de prot\u00e9ger les citoyens et de pr\u00e9server la stabilit\u00e9 \u00e9conomique.<\/p>\n<p>Il a appel\u00e9 les citoyens \u00e0 une interaction positive, en signalant imm\u00e9diatement tout abus ou infraction, via les num\u00e9ros de t\u00e9l\u00e9phone gratuits mis \u00e0 disposition par les autorit\u00e9s comp\u00e9tentes \u00e0 cet effet.<\/p>\n<p>Il a soulign\u00e9 que tous les acteurs de la distribution, des soci\u00e9t\u00e9s de gaz aux fournisseurs, ont exprim\u00e9 leur engagement \u00e0 rapprocher les services des citoyens et \u00e0 garantir la disponibilit\u00e9 des produits dans les diff\u00e9rents quartiers et march\u00e9s.<\/p>\n<p>Cette campagne est men\u00e9e sous la supervision des autorit\u00e9s administratives, en coordination conjointe entre les directions de la protection du consommateur et de la lutte contre la fraude et la concurrence du minist\u00e8re du Commerce et du Tourisme, et avec la participation des organisations de la soci\u00e9t\u00e9 civile concern\u00e9es par la protection du consommateur.<\/p>\n<p>Le Wali \u00e9tait accompagn\u00e9, lors de cette visite, du vice-pr\u00e9sident de la r\u00e9gion de Nouakchott, des autorit\u00e9s administratives et s\u00e9curitaires, et des \u00e9lus locaux de la wilaya de Nouakchott Ouest.<\/p>\n","protected":false},"excerpt":{"rendered":"<p>Le Wali de Nouakchott Ouest, M. Hammoud Ould M&#8217;hamed, a effectu\u00e9 ce samedi une visite d&#8217;inspection et d&#8217;information au march\u00e9 des produits alimentaires localement connu sous le nom de &#8220;Souk Errizq&#8221; dans la moughataa de Tevragh Zeina, dans le cadre du suivi de la situation de l&#8217;approvisionnement et de la v\u00e9rification de la disponibilit\u00e9 des [&hellip;]<\/p>\n","protected":false},"author":53,"featured_media":293006,"comment_status":"open","ping_status":"open","sticky":false,"template":"","format":"standard","meta":{"footnotes":""},"categories":[63918,63957,63959,63927],"tags":[],"class_list":["post-293005","post","type-post","status-publish","format-standard","has-post-thumbnail","hentry","category-autres","category-fil-dactualite","category-mauritanie","category-slider-mauritanie"],"_links":{"self":[{"href":"https:\/\/ami.mr\/fr\/wp-json\/wp\/v2\/posts\/293005","targetHints":{"allow":["GET"]}}],"collection":[{"href":"https:\/\/ami.mr\/fr\/wp-json\/wp\/v2\/posts"}],"about":[{"href":"https:\/\/ami.mr\/fr\/wp-json\/wp\/v2\/types\/post"}],"author":[{"embeddable":true,"href":"https:\/\/ami.mr\/fr\/wp-json\/wp\/v2\/users\/53"}],"replies":[{"embeddable":true,"href":"https:\/\/ami.mr\/fr\/wp-json\/wp\/v2\/comments?post=293005"}],"version-history":[{"count":1,"href":"https:\/\/ami.mr\/fr\/wp-json\/wp\/v2\/posts\/293005\/revisions"}],"predecessor-version":[{"id":293007,"href":"https:\/\/ami.mr\/fr\/wp-json\/wp\/v2\/posts\/293005\/revisions\/293007"}],"wp:featuredmedia":[{"embeddable":true,"href":"https:\/\/ami.mr\/fr\/wp-json\/wp\/v2\/media\/293006"}],"wp:attachment":[{"href":"https:\/\/ami.mr\/fr\/wp-json\/wp\/v2\/media?parent=293005"}],"wp:term":[{"taxonomy":"category","embeddable":true,"href":"https:\/\/ami.mr\/fr\/wp-json\/wp\/v2\/categories?post=293005"},{"taxonomy":"post_tag","embeddable":true,"href":"https:\/\/ami.mr\/fr\/wp-json\/wp\/v2\/tags?post=293005"}],"curies":[{"name":"wp","href":"https:\/\/api.w.org\/{rel}","templated":true}]}}