{"id":293002,"date":"2026-04-11T18:42:22","date_gmt":"2026-04-11T18:42:22","guid":{"rendered":"https:\/\/ami.mr\/fr\/?p=293002"},"modified":"2026-04-11T18:42:22","modified_gmt":"2026-04-11T18:42:22","slug":"aleg-ceremonie-de-remise-des-prix-du-concours-du-ramadan-a-la-station-regionale-de-radio-mauritanie","status":"publish","type":"post","link":"https:\/\/ami.mr\/fr\/archives\/293002","title":{"rendered":"Aleg: C\u00e9r\u00e9monie de remise des prix du concours du Ramadan \u00e0 la station r\u00e9gionale de Radio Mauritanie."},"content":{"rendered":"<p>Le Wali du Brakna, M. Teyeb Ould Mohamed Mahmoud, a pr\u00e9sid\u00e9 , vendredi soir, dans les locaux de la station r\u00e9gionale de Radio Mauritanie \u00e0 Aleg, la c\u00e9r\u00e9monie de remise des prix du concours du Ramadan organis\u00e9 par la station durant le mois sacr\u00e9.<\/p>\n<p>Le concours portait sur des sujets li\u00e9s au Saint Coran et \u00e0 ses sciences, \u00e0 la biographie du Proph\u00e8te, et \u00e0 la culture g\u00e9n\u00e9rale.<\/p>\n<p>Dans un discours prononc\u00e9 \u00e0 cette occasion, l&#8217;adjointe au maire de la commune d&#8217;Aleg, Mme Khadijetou Mint El Dhafi, a exprim\u00e9 ses remerciements \u00e0 la station r\u00e9gionale de Radio Mauritanie dans la wilaya du Brakna pour ses efforts continus de sensibilisation et d&#8217;\u00e9ducation des habitants de la wilaya, saluant le d\u00e9veloppement qu&#8217;a connu la station, ce qui a eu un impact positif sur le d\u00e9veloppement local.<\/p>\n<p>De son c\u00f4t\u00e9, le chef de la station r\u00e9gionale de Radio Mauritanie dans la wilaya du Brakna, M. Ahmed Salem Ould Elemine, a expliqu\u00e9 que ce concours s&#8217;inscrit dans le cadre des orientations g\u00e9n\u00e9rales du r\u00e9seau de Radio Mauritanie, qui organise des concours du Ramadan au niveau de ses stations r\u00e9gionales, dans le but de renforcer l&#8217;esprit de comp\u00e9tition dans les domaines religieux et culturels.<\/p>\n<p>Il a ajout\u00e9 que la coop\u00e9ration positive des autorit\u00e9s administratives, des \u00e9lus locaux et des chefs de services r\u00e9gionaux avec la station a grandement contribu\u00e9 \u00e0 l&#8217;am\u00e9lioration de ses performances, avec professionnalisme, comp\u00e9tence et impartialit\u00e9.<\/p>\n<p>La c\u00e9r\u00e9monie a \u00e9t\u00e9 marqu\u00e9e par la remise des prix aux gagnants, ainsi que par l&#8217;octroi d&#8217;encouragements financiers aux employ\u00e9s de la station, et l&#8217;hommage rendu \u00e0 un certain nombre de juristes, de m\u00e9decins et de certaines organisations de la soci\u00e9t\u00e9 civile. La c\u00e9r\u00e9monie a \u00e9galement \u00e9t\u00e9 ponctu\u00e9e de chants de louange au proph\u00e8te et d&#8217;interventions saluant le r\u00f4le jou\u00e9 par la station r\u00e9gionale de Radio Mauritanie dans la wilaya du Brakna, dans le cadre de l&#8217;information de proximit\u00e9.<\/p>\n<p>La c\u00e9r\u00e9monie s&#8217;est d\u00e9roul\u00e9e en pr\u00e9sence de l&#8217;adjoint au Hakem de la moughataa d&#8217;Aleg, M. Alyoune Badra Niane, ainsi que des chefs des services r\u00e9gionaux et de s\u00e9curit\u00e9, des repr\u00e9sentants des organisations de la soci\u00e9t\u00e9 civile, et d&#8217;une foule nombreuse d&#8217;habitants de la ville.<\/p>\n","protected":false},"excerpt":{"rendered":"<p>Le Wali du Brakna, M. Teyeb Ould Mohamed Mahmoud, a pr\u00e9sid\u00e9 , vendredi soir, dans les locaux de la station r\u00e9gionale de Radio Mauritanie \u00e0 Aleg, la c\u00e9r\u00e9monie de remise des prix du concours du Ramadan organis\u00e9 par la station durant le mois sacr\u00e9. Le concours portait sur des sujets li\u00e9s au Saint Coran et [&hellip;]<\/p>\n","protected":false},"author":53,"featured_media":293003,"comment_status":"open","ping_status":"open","sticky":false,"template":"","format":"standard","meta":{"footnotes":""},"categories":[63918,63957,63923,8672],"tags":[],"class_list":["post-293002","post","type-post","status-publish","format-standard","has-post-thumbnail","hentry","category-autres","category-fil-dactualite","category-slider-wilayas","category-8672"],"_links":{"self":[{"href":"https:\/\/ami.mr\/fr\/wp-json\/wp\/v2\/posts\/293002","targetHints":{"allow":["GET"]}}],"collection":[{"href":"https:\/\/ami.mr\/fr\/wp-json\/wp\/v2\/posts"}],"about":[{"href":"https:\/\/ami.mr\/fr\/wp-json\/wp\/v2\/types\/post"}],"author":[{"embeddable":true,"href":"https:\/\/ami.mr\/fr\/wp-json\/wp\/v2\/users\/53"}],"replies":[{"embeddable":true,"href":"https:\/\/ami.mr\/fr\/wp-json\/wp\/v2\/comments?post=293002"}],"version-history":[{"count":1,"href":"https:\/\/ami.mr\/fr\/wp-json\/wp\/v2\/posts\/293002\/revisions"}],"predecessor-version":[{"id":293004,"href":"https:\/\/ami.mr\/fr\/wp-json\/wp\/v2\/posts\/293002\/revisions\/293004"}],"wp:featuredmedia":[{"embeddable":true,"href":"https:\/\/ami.mr\/fr\/wp-json\/wp\/v2\/media\/293003"}],"wp:attachment":[{"href":"https:\/\/ami.mr\/fr\/wp-json\/wp\/v2\/media?parent=293002"}],"wp:term":[{"taxonomy":"category","embeddable":true,"href":"https:\/\/ami.mr\/fr\/wp-json\/wp\/v2\/categories?post=293002"},{"taxonomy":"post_tag","embeddable":true,"href":"https:\/\/ami.mr\/fr\/wp-json\/wp\/v2\/tags?post=293002"}],"curies":[{"name":"wp","href":"https:\/\/api.w.org\/{rel}","templated":true}]}}