{"id":292677,"date":"2026-04-07T16:07:36","date_gmt":"2026-04-07T16:07:36","guid":{"rendered":"https:\/\/ami.mr\/fr\/?p=292677"},"modified":"2026-04-07T16:07:36","modified_gmt":"2026-04-07T16:07:36","slug":"le-ministre-delegue-aupres-du-ministre-de-linterieur-recoit-lambassadeur-despagne-en-mauritanie","status":"publish","type":"post","link":"https:\/\/ami.mr\/fr\/archives\/292677","title":{"rendered":"Le ministre d\u00e9l\u00e9gu\u00e9 aupr\u00e8s du ministre de l&#8217;Int\u00e9rieur re\u00e7oit l&#8217;ambassadeur d&#8217;Espagne en Mauritanie"},"content":{"rendered":"<p>Le ministre d\u00e9l\u00e9gu\u00e9 aupr\u00e8s du ministre de l&#8217;Int\u00e9rieur, charg\u00e9 de la D\u00e9centralisation et du D\u00e9veloppement local, M. Yacoub Salem Vall, a re\u00e7u mardi, dans son bureau \u00e0 Nouakchott, SEM Pablo Barbara G\u00f3mez, ambassadeur du Royaume d&#8217;Espagne en Mauritanie.<\/p>\n<p>Les entretiens, qui se sont d\u00e9roul\u00e9s en pr\u00e9sence du directeur du cabinet du ministre d\u00e9l\u00e9gu\u00e9, ont port\u00e9 sur les relations de coop\u00e9ration existantes entre les deux pays et les moyens de les renforcer et de les d\u00e9velopper, notamment dans les domaines de la d\u00e9centralisation et du d\u00e9veloppement local.<\/p>\n<p>&nbsp;<\/p>\n<p>&nbsp;<\/p>\n<p>&nbsp;<\/p>\n","protected":false},"excerpt":{"rendered":"<p>Le ministre d\u00e9l\u00e9gu\u00e9 aupr\u00e8s du ministre de l&#8217;Int\u00e9rieur, charg\u00e9 de la D\u00e9centralisation et du D\u00e9veloppement local, M. Yacoub Salem Vall, a re\u00e7u mardi, dans son bureau \u00e0 Nouakchott, SEM Pablo Barbara G\u00f3mez, ambassadeur du Royaume d&#8217;Espagne en Mauritanie. Les entretiens, qui se sont d\u00e9roul\u00e9s en pr\u00e9sence du directeur du cabinet du ministre d\u00e9l\u00e9gu\u00e9, ont port\u00e9 [&hellip;]<\/p>\n","protected":false},"author":2,"featured_media":292678,"comment_status":"open","ping_status":"open","sticky":false,"template":"","format":"standard","meta":{"footnotes":""},"categories":[63918,63957,63959],"tags":[],"class_list":["post-292677","post","type-post","status-publish","format-standard","has-post-thumbnail","hentry","category-autres","category-fil-dactualite","category-mauritanie"],"_links":{"self":[{"href":"https:\/\/ami.mr\/fr\/wp-json\/wp\/v2\/posts\/292677","targetHints":{"allow":["GET"]}}],"collection":[{"href":"https:\/\/ami.mr\/fr\/wp-json\/wp\/v2\/posts"}],"about":[{"href":"https:\/\/ami.mr\/fr\/wp-json\/wp\/v2\/types\/post"}],"author":[{"embeddable":true,"href":"https:\/\/ami.mr\/fr\/wp-json\/wp\/v2\/users\/2"}],"replies":[{"embeddable":true,"href":"https:\/\/ami.mr\/fr\/wp-json\/wp\/v2\/comments?post=292677"}],"version-history":[{"count":1,"href":"https:\/\/ami.mr\/fr\/wp-json\/wp\/v2\/posts\/292677\/revisions"}],"predecessor-version":[{"id":292679,"href":"https:\/\/ami.mr\/fr\/wp-json\/wp\/v2\/posts\/292677\/revisions\/292679"}],"wp:featuredmedia":[{"embeddable":true,"href":"https:\/\/ami.mr\/fr\/wp-json\/wp\/v2\/media\/292678"}],"wp:attachment":[{"href":"https:\/\/ami.mr\/fr\/wp-json\/wp\/v2\/media?parent=292677"}],"wp:term":[{"taxonomy":"category","embeddable":true,"href":"https:\/\/ami.mr\/fr\/wp-json\/wp\/v2\/categories?post=292677"},{"taxonomy":"post_tag","embeddable":true,"href":"https:\/\/ami.mr\/fr\/wp-json\/wp\/v2\/tags?post=292677"}],"curies":[{"name":"wp","href":"https:\/\/api.w.org\/{rel}","templated":true}]}}