{"id":292673,"date":"2026-04-07T15:41:02","date_gmt":"2026-04-07T15:41:02","guid":{"rendered":"https:\/\/ami.mr\/fr\/?p=292673"},"modified":"2026-04-07T15:41:02","modified_gmt":"2026-04-07T15:41:02","slug":"le-ministere-de-la-sante-recoit-du-materiel-destine-a-la-conservation-des-vaccins","status":"publish","type":"post","link":"https:\/\/ami.mr\/fr\/archives\/292673","title":{"rendered":"Le minist\u00e8re de la Sant\u00e9 re\u00e7oit du mat\u00e9riel destin\u00e9 \u00e0 la conservation des vaccins"},"content":{"rendered":"<div class=\"cell auto-size\">\n<div class=\"set-border bd-gray padding10 margin10 no-margin-right no-margin-left \" dir=\"ltr\">\n<p>Le charg\u00e9 de mission au minist\u00e8re de la Sant\u00e9, secr\u00e9taire g\u00e9n\u00e9ral par int\u00e9rim, M. Cheikh Baye Ould Mkhaitratt, a r\u00e9ceptionn\u00e9 mardi au si\u00e8ge du Programme national \u00e9largi de Vaccination \u00e0 Nouakchott, du mat\u00e9riel de r\u00e9frig\u00e9ration et de conservation des vaccins, destin\u00e9 au programme \u00e9largi de vaccination, offert par le Centre africain pour le Contr\u00f4le et la Pr\u00e9vention des Maladies, avec l\u2019appui de l&#8217;UNICEF, dans le cadre du programme \u00ab Sauver des vies et des moyens de subsistance\u00bb.<\/p>\n<p>Cette quantit\u00e9 de mat\u00e9riel de r\u00e9frig\u00e9ration, compos\u00e9e de 106 unit\u00e9s de r\u00e9frig\u00e9ration, vise \u00e0 contribuer \u00e0 la conservation et \u00e0 la r\u00e9frig\u00e9ration des vaccins dans les zones cibl\u00e9es.<\/p>\n<p>Dans une allocution prononc\u00e9e \u00e0 cette occasion, le charg\u00e9 de mission au minist\u00e8re de la Sant\u00e9, secr\u00e9taire g\u00e9n\u00e9ral par int\u00e9rim, a d\u00e9clar\u00e9 que ce lot de mat\u00e9riel de r\u00e9frig\u00e9ration contribuera \u00e0 soutenir et \u00e0 renforcer le syst\u00e8me national de vaccination, soulignant que cette initiative s&#8217;inscrit dans le cadre du d\u00e9veloppement des services de sant\u00e9 pr\u00e9ventive dans le pays.<\/p>\n<p>Il a ajout\u00e9 que la vaccination repr\u00e9sente un investissement strat\u00e9gique dans l\u2019avenir des g\u00e9n\u00e9rations et qu\u2019elle constitue l\u2019une des interventions sanitaires les plus efficaces, compte tenu de son r\u00f4le central dans la pr\u00e9vention des maladies infectieuses et la r\u00e9duction de la mortalit\u00e9, en particulier chez les enfants, pr\u00e9cisant que le gouvernement place la vaccination au premier rang de ses priorit\u00e9s, conform\u00e9ment aux directives de Son Excellence le Pr\u00e9sident de la R\u00e9publique, M. Mohamed Ould Cheikh El Ghazouani, et dans le cadre de la mise en \u0153uvre du programme gouvernemental visant \u00e0 renforcer la pr\u00e9vention et \u00e0 am\u00e9liorer les indicateurs de sant\u00e9 publique.<\/p>\n<p>Il a ajout\u00e9 que l&#8217;efficacit\u00e9 des vaccins ne peut \u00eatre garantie que si les conditions de conservation et de transport sont assur\u00e9es dans un environnement appropri\u00e9, ce qui fait de la cha\u00eene du froid un \u00e9l\u00e9ment central du succ\u00e8s du programme de vaccination. Il a pr\u00e9cis\u00e9 que ces \u00e9quipements, qui viennent d&#8217;\u00eatre livr\u00e9s, contribueront directement \u00e0 am\u00e9liorer la qualit\u00e9 de la conservation des vaccins, \u00e0 \u00e9largir la couverture vaccinale et \u00e0 rapprocher les services de sant\u00e9 des citoyens, en particulier dans les zones les plus \u00e9loign\u00e9es et les plus fragiles.<\/p>\n<p>Il a r\u00e9affirm\u00e9 l&#8217;engagement du d\u00e9partement \u00e0 garantir une utilisation optimale de ces \u00e9quipements, en renfor\u00e7ant les m\u00e9canismes de gestion et de suivi, en formant le personnel technique et en instaurant une culture de maintenance et de durabilit\u00e9, afin qu&#8217;ils puissent pleinement contribuer \u00e0 l&#8217;am\u00e9lioration de la sant\u00e9 des citoyens.<\/p>\n<\/div>\n<\/div>\n","protected":false},"excerpt":{"rendered":"<p>Le charg\u00e9 de mission au minist\u00e8re de la Sant\u00e9, secr\u00e9taire g\u00e9n\u00e9ral par int\u00e9rim, M. Cheikh Baye Ould Mkhaitratt, a r\u00e9ceptionn\u00e9 mardi au si\u00e8ge du Programme national \u00e9largi de Vaccination \u00e0 Nouakchott, du mat\u00e9riel de r\u00e9frig\u00e9ration et de conservation des vaccins, destin\u00e9 au programme \u00e9largi de vaccination, offert par le Centre africain pour le Contr\u00f4le et [&hellip;]<\/p>\n","protected":false},"author":10,"featured_media":292675,"comment_status":"open","ping_status":"open","sticky":false,"template":"","format":"standard","meta":{"footnotes":""},"categories":[63918,63957,63959],"tags":[],"class_list":["post-292673","post","type-post","status-publish","format-standard","has-post-thumbnail","hentry","category-autres","category-fil-dactualite","category-mauritanie"],"_links":{"self":[{"href":"https:\/\/ami.mr\/fr\/wp-json\/wp\/v2\/posts\/292673","targetHints":{"allow":["GET"]}}],"collection":[{"href":"https:\/\/ami.mr\/fr\/wp-json\/wp\/v2\/posts"}],"about":[{"href":"https:\/\/ami.mr\/fr\/wp-json\/wp\/v2\/types\/post"}],"author":[{"embeddable":true,"href":"https:\/\/ami.mr\/fr\/wp-json\/wp\/v2\/users\/10"}],"replies":[{"embeddable":true,"href":"https:\/\/ami.mr\/fr\/wp-json\/wp\/v2\/comments?post=292673"}],"version-history":[{"count":1,"href":"https:\/\/ami.mr\/fr\/wp-json\/wp\/v2\/posts\/292673\/revisions"}],"predecessor-version":[{"id":292676,"href":"https:\/\/ami.mr\/fr\/wp-json\/wp\/v2\/posts\/292673\/revisions\/292676"}],"wp:featuredmedia":[{"embeddable":true,"href":"https:\/\/ami.mr\/fr\/wp-json\/wp\/v2\/media\/292675"}],"wp:attachment":[{"href":"https:\/\/ami.mr\/fr\/wp-json\/wp\/v2\/media?parent=292673"}],"wp:term":[{"taxonomy":"category","embeddable":true,"href":"https:\/\/ami.mr\/fr\/wp-json\/wp\/v2\/categories?post=292673"},{"taxonomy":"post_tag","embeddable":true,"href":"https:\/\/ami.mr\/fr\/wp-json\/wp\/v2\/tags?post=292673"}],"curies":[{"name":"wp","href":"https:\/\/api.w.org\/{rel}","templated":true}]}}