{"id":292612,"date":"2026-04-06T21:45:32","date_gmt":"2026-04-06T21:45:32","guid":{"rendered":"https:\/\/ami.mr\/fr\/?p=292612"},"modified":"2026-04-06T21:45:32","modified_gmt":"2026-04-06T21:45:32","slug":"le-ministre-de-leconomie-et-du-developpement-recoit-lambassadeur-de-france","status":"publish","type":"post","link":"https:\/\/ami.mr\/fr\/archives\/292612","title":{"rendered":"Le ministre de l\u2019\u00c9conomie et du D\u00e9veloppement re\u00e7oit l\u2019ambassadeur de France"},"content":{"rendered":"<div class=\"row\"><\/div>\n<div class=\"row\">\n<div class=\"cell auto-size\">\n<div class=\"set-border bd-gray padding10 margin10 no-margin-right no-margin-left \" dir=\"ltr\">\n<p>Le ministre de l\u2019\u00c9conomie et du D\u00e9veloppement, M. Abdellah Ould Souleymane Cheikh Sidiya, a re\u00e7u, ce lundi soir, dans son bureau au si\u00e8ge du minist\u00e8re \u00e0 Nouakchott, Son Excellence M. Emmanuel Besnier, ambassadeur de la R\u00e9publique fran\u00e7aise accr\u00e9dit\u00e9 en Mauritanie.<\/p>\n<p>La rencontre a port\u00e9 sur les relations de coop\u00e9ration existant entre les deux pays ainsi que sur les moyens de les renforcer et de les d\u00e9velopper dans divers domaines d\u2019int\u00e9r\u00eat commun.<\/p>\n<p>La r\u00e9union s\u2019est d\u00e9roul\u00e9e en pr\u00e9sence de M. Mohamed Salem Ould Nani, directeur des financements et de la coop\u00e9ration \u00e9conomique au minist\u00e8re, et de M. Luc Boyer, conseiller \u00e9conomique \u00e0 l\u2019ambassade de France \u00e0 Nouakchott.<\/p>\n<\/div>\n<\/div>\n<\/div>\n","protected":false},"excerpt":{"rendered":"<p>Le ministre de l\u2019\u00c9conomie et du D\u00e9veloppement, M. Abdellah Ould Souleymane Cheikh Sidiya, a re\u00e7u, ce lundi soir, dans son bureau au si\u00e8ge du minist\u00e8re \u00e0 Nouakchott, Son Excellence M. Emmanuel Besnier, ambassadeur de la R\u00e9publique fran\u00e7aise accr\u00e9dit\u00e9 en Mauritanie. La rencontre a port\u00e9 sur les relations de coop\u00e9ration existant entre les deux pays ainsi [&hellip;]<\/p>\n","protected":false},"author":8,"featured_media":292613,"comment_status":"open","ping_status":"open","sticky":false,"template":"","format":"standard","meta":{"footnotes":""},"categories":[63918,63957],"tags":[],"class_list":["post-292612","post","type-post","status-publish","format-standard","has-post-thumbnail","hentry","category-autres","category-fil-dactualite"],"_links":{"self":[{"href":"https:\/\/ami.mr\/fr\/wp-json\/wp\/v2\/posts\/292612","targetHints":{"allow":["GET"]}}],"collection":[{"href":"https:\/\/ami.mr\/fr\/wp-json\/wp\/v2\/posts"}],"about":[{"href":"https:\/\/ami.mr\/fr\/wp-json\/wp\/v2\/types\/post"}],"author":[{"embeddable":true,"href":"https:\/\/ami.mr\/fr\/wp-json\/wp\/v2\/users\/8"}],"replies":[{"embeddable":true,"href":"https:\/\/ami.mr\/fr\/wp-json\/wp\/v2\/comments?post=292612"}],"version-history":[{"count":1,"href":"https:\/\/ami.mr\/fr\/wp-json\/wp\/v2\/posts\/292612\/revisions"}],"predecessor-version":[{"id":292614,"href":"https:\/\/ami.mr\/fr\/wp-json\/wp\/v2\/posts\/292612\/revisions\/292614"}],"wp:featuredmedia":[{"embeddable":true,"href":"https:\/\/ami.mr\/fr\/wp-json\/wp\/v2\/media\/292613"}],"wp:attachment":[{"href":"https:\/\/ami.mr\/fr\/wp-json\/wp\/v2\/media?parent=292612"}],"wp:term":[{"taxonomy":"category","embeddable":true,"href":"https:\/\/ami.mr\/fr\/wp-json\/wp\/v2\/categories?post=292612"},{"taxonomy":"post_tag","embeddable":true,"href":"https:\/\/ami.mr\/fr\/wp-json\/wp\/v2\/tags?post=292612"}],"curies":[{"name":"wp","href":"https:\/\/api.w.org\/{rel}","templated":true}]}}