{"id":292385,"date":"2026-04-02T17:37:43","date_gmt":"2026-04-02T17:37:43","guid":{"rendered":"https:\/\/ami.mr\/fr\/?p=292385"},"modified":"2026-04-03T09:41:31","modified_gmt":"2026-04-03T09:41:31","slug":"le-president-de-la-republique-recoit-un-message-ecrit-de-son-homologue-senegalais-4","status":"publish","type":"post","link":"https:\/\/ami.mr\/fr\/archives\/292385","title":{"rendered":"Le Pr\u00e9sident de la R\u00e9publique re\u00e7oit un message \u00e9crit de son homologue s\u00e9n\u00e9galais"},"content":{"rendered":"<p>Son Excellence le Pr\u00e9sident de la R\u00e9publique, Mohamed Ould Cheikh El Ghazouani, a re\u00e7u, ce jeudi, un message \u00e9crit de Son Excellence le Pr\u00e9sident de la R\u00e9publique du S\u00e9n\u00e9gal, M. Bassirou Diomaye Faye.<\/p>\n<p>Ce message lui a \u00e9t\u00e9 remis lors de l\u2019audience qu\u2019il a accord\u00e9e au ministre de l\u2019Int\u00e9gration africaine et des Affaires \u00e9trang\u00e8res et des S\u00e9n\u00e9galais de l\u2019ext\u00e9rieur, M. Cheikh Niang, envoy\u00e9 sp\u00e9cial du Pr\u00e9sident s\u00e9n\u00e9galais, au palais pr\u00e9sidentiel \u00e0 Nouakchott.<\/p>\n<p><img decoding=\"async\" class=\" wp-image-292438 alignright\" src=\"https:\/\/ami.mr\/fr\/wp-content\/uploads\/2026\/04\/\u0627\u0644\u062a\u0635\u0631\u064a\u062d-1-300x269.jpg\" alt=\"\" width=\"245\" height=\"220\" srcset=\"https:\/\/ami.mr\/fr\/wp-content\/uploads\/2026\/04\/\u0627\u0644\u062a\u0635\u0631\u064a\u062d-1-300x269.jpg 300w, https:\/\/ami.mr\/fr\/wp-content\/uploads\/2026\/04\/\u0627\u0644\u062a\u0635\u0631\u064a\u062d-1.jpg 675w\" sizes=\"(max-width: 245px) 100vw, 245px\" \/>\u00c0 l\u2019issue de la rencontre, Son Excellence le ministre s\u00e9n\u00e9galais a d\u00e9clar\u00e9, dans un communiqu\u00e9 \u00e0 l\u2019Agence Mauritanienne d\u2019Information, que sa visite s\u2019inscrivait dans le cadre du renforcement des relations de fraternit\u00e9 et de coop\u00e9ration entre les deux pays. Il a mis en avant la volont\u00e9 des dirigeants des deux \u00c9tats de poursuivre une concertation r\u00e9guli\u00e8re et de d\u00e9velopper le partenariat bilat\u00e9ral dans divers domaines.<\/p>\n<p>Il a salu\u00e9 la qualit\u00e9 de l\u2019accueil qui lui a \u00e9t\u00e9 r\u00e9serv\u00e9, ainsi qu\u2019\u00e0 la d\u00e9l\u00e9gation l\u2019accompagnant, soulignant la solidit\u00e9 des relations historiques, culturelles et sociales unissant les deux pays fr\u00e8res, ainsi que la volont\u00e9 commune de les approfondir et de les hisser \u00e0 des niveaux distingu\u00e9s.<\/p>\n<p>M. Niang a \u00e9galement rendu hommage au leadership de Son Excellence le Pr\u00e9sident de la R\u00e9publique, Mohamed Ould Cheikh El Ghazouani, \u00e0 sa vision et \u00e0 son engagement en faveur du renforcement de la coop\u00e9ration bilat\u00e9rale. Il a pr\u00e9cis\u00e9 que la rencontre a constitu\u00e9 une opportunit\u00e9 de b\u00e9n\u00e9ficier des orientations et des conseils de Son Excellence visant \u00e0 consolider les relations de coop\u00e9ration entre la Mauritanie et le S\u00e9n\u00e9gal.<\/p>\n<p>En conclusion, il a affirm\u00e9 que les relations mauritano-s\u00e9n\u00e9galaises demeurent un mod\u00e8le \u00e0 suivre en mati\u00e8re de coop\u00e9ration et d\u2019int\u00e9gration entre pays fr\u00e8res, gr\u00e2ce aux liens solides qui les unissent et \u00e0 la ferme volont\u00e9 politique de leurs dirigeants.<\/p>\n<p>Ont pris part \u00e0 la rencontre Son Excellence le ministre charg\u00e9 du Cabinet du Pr\u00e9sident de la R\u00e9publique, M. Nani Ould Chrougha, ainsi que Son Excellence le ministre des Affaires \u00e9trang\u00e8res, de la Coop\u00e9ration africaine et des Mauritaniens de l\u2019ext\u00e9rieur, M. Mohamed Salem Ould Merzoug.<\/p>\n","protected":false},"excerpt":{"rendered":"<p>Son Excellence le Pr\u00e9sident de la R\u00e9publique, Mohamed Ould Cheikh El Ghazouani, a re\u00e7u, ce jeudi, un message \u00e9crit de Son Excellence le Pr\u00e9sident de la R\u00e9publique du S\u00e9n\u00e9gal, M. Bassirou Diomaye Faye. Ce message lui a \u00e9t\u00e9 remis lors de l\u2019audience qu\u2019il a accord\u00e9e au ministre de l\u2019Int\u00e9gration africaine et des Affaires \u00e9trang\u00e8res et [&hellip;]<\/p>\n","protected":false},"author":8,"featured_media":292386,"comment_status":"open","ping_status":"open","sticky":false,"template":"","format":"standard","meta":{"footnotes":""},"categories":[63919,63957,63959,63921,63927],"tags":[],"class_list":["post-292385","post","type-post","status-publish","format-standard","has-post-thumbnail","hentry","category-choix-du-redacteur","category-fil-dactualite","category-mauritanie","category-slider-afficher","category-slider-mauritanie"],"_links":{"self":[{"href":"https:\/\/ami.mr\/fr\/wp-json\/wp\/v2\/posts\/292385","targetHints":{"allow":["GET"]}}],"collection":[{"href":"https:\/\/ami.mr\/fr\/wp-json\/wp\/v2\/posts"}],"about":[{"href":"https:\/\/ami.mr\/fr\/wp-json\/wp\/v2\/types\/post"}],"author":[{"embeddable":true,"href":"https:\/\/ami.mr\/fr\/wp-json\/wp\/v2\/users\/8"}],"replies":[{"embeddable":true,"href":"https:\/\/ami.mr\/fr\/wp-json\/wp\/v2\/comments?post=292385"}],"version-history":[{"count":5,"href":"https:\/\/ami.mr\/fr\/wp-json\/wp\/v2\/posts\/292385\/revisions"}],"predecessor-version":[{"id":292440,"href":"https:\/\/ami.mr\/fr\/wp-json\/wp\/v2\/posts\/292385\/revisions\/292440"}],"wp:featuredmedia":[{"embeddable":true,"href":"https:\/\/ami.mr\/fr\/wp-json\/wp\/v2\/media\/292386"}],"wp:attachment":[{"href":"https:\/\/ami.mr\/fr\/wp-json\/wp\/v2\/media?parent=292385"}],"wp:term":[{"taxonomy":"category","embeddable":true,"href":"https:\/\/ami.mr\/fr\/wp-json\/wp\/v2\/categories?post=292385"},{"taxonomy":"post_tag","embeddable":true,"href":"https:\/\/ami.mr\/fr\/wp-json\/wp\/v2\/tags?post=292385"}],"curies":[{"name":"wp","href":"https:\/\/api.w.org\/{rel}","templated":true}]}}