{"id":292223,"date":"2026-03-31T10:48:22","date_gmt":"2026-03-31T10:48:22","guid":{"rendered":"https:\/\/ami.mr\/fr\/?p=292223"},"modified":"2026-03-31T11:51:54","modified_gmt":"2026-03-31T11:51:54","slug":"nomination-de-la-presidente-de-lobservatoire-national-des-droits-de-la-femme-et-de-la-fille","status":"publish","type":"post","link":"https:\/\/ami.mr\/fr\/archives\/292223","title":{"rendered":"Nomination de la Pr\u00e9sidente de l\u2019Observatoire national des droits de la femme et de la fille"},"content":{"rendered":"<div class=\"row\">\n<div class=\"cell auto-size bd-gray\" dir=\"ltr\">La Pr\u00e9sidence de la R\u00e9publique a annonc\u00e9 que, par d\u00e9cret pris ce mardi, Madame Fatimetou Mohamed Lemine Ndiayane a \u00e9t\u00e9 nomm\u00e9e Pr\u00e9sidente de l\u2019Observatoire national des droits de la femme et de la fille.<\/div>\n<\/div>\n","protected":false},"excerpt":{"rendered":"<p>La Pr\u00e9sidence de la R\u00e9publique a annonc\u00e9 que, par d\u00e9cret pris ce mardi, Madame Fatimetou Mohamed Lemine Ndiayane a \u00e9t\u00e9 nomm\u00e9e Pr\u00e9sidente de l\u2019Observatoire national des droits de la femme et de la fille.<\/p>\n","protected":false},"author":21,"featured_media":287631,"comment_status":"open","ping_status":"open","sticky":false,"template":"","format":"standard","meta":{"footnotes":""},"categories":[63919,63957,63959,63921,63927],"tags":[],"class_list":["post-292223","post","type-post","status-publish","format-standard","has-post-thumbnail","hentry","category-choix-du-redacteur","category-fil-dactualite","category-mauritanie","category-slider-afficher","category-slider-mauritanie"],"_links":{"self":[{"href":"https:\/\/ami.mr\/fr\/wp-json\/wp\/v2\/posts\/292223","targetHints":{"allow":["GET"]}}],"collection":[{"href":"https:\/\/ami.mr\/fr\/wp-json\/wp\/v2\/posts"}],"about":[{"href":"https:\/\/ami.mr\/fr\/wp-json\/wp\/v2\/types\/post"}],"author":[{"embeddable":true,"href":"https:\/\/ami.mr\/fr\/wp-json\/wp\/v2\/users\/21"}],"replies":[{"embeddable":true,"href":"https:\/\/ami.mr\/fr\/wp-json\/wp\/v2\/comments?post=292223"}],"version-history":[{"count":2,"href":"https:\/\/ami.mr\/fr\/wp-json\/wp\/v2\/posts\/292223\/revisions"}],"predecessor-version":[{"id":292226,"href":"https:\/\/ami.mr\/fr\/wp-json\/wp\/v2\/posts\/292223\/revisions\/292226"}],"wp:featuredmedia":[{"embeddable":true,"href":"https:\/\/ami.mr\/fr\/wp-json\/wp\/v2\/media\/287631"}],"wp:attachment":[{"href":"https:\/\/ami.mr\/fr\/wp-json\/wp\/v2\/media?parent=292223"}],"wp:term":[{"taxonomy":"category","embeddable":true,"href":"https:\/\/ami.mr\/fr\/wp-json\/wp\/v2\/categories?post=292223"},{"taxonomy":"post_tag","embeddable":true,"href":"https:\/\/ami.mr\/fr\/wp-json\/wp\/v2\/tags?post=292223"}],"curies":[{"name":"wp","href":"https:\/\/api.w.org\/{rel}","templated":true}]}}