{"id":292153,"date":"2026-03-30T14:08:29","date_gmt":"2026-03-30T14:08:29","guid":{"rendered":"https:\/\/ami.mr\/fr\/?p=292153"},"modified":"2026-03-30T14:08:29","modified_gmt":"2026-03-30T14:08:29","slug":"des-vents-moderes-a-forts-de-secteur-est-sur-lensemble-du-territoire","status":"publish","type":"post","link":"https:\/\/ami.mr\/fr\/archives\/292153","title":{"rendered":"Des vents mod\u00e9r\u00e9s \u00e0 forts de secteur est sur l\u2019ensemble du territoire"},"content":{"rendered":"<p>La situation g\u00e9n\u00e9rale en Mauritanie sera domin\u00e9e au cours des prochaines 24 heures, par un temps qui sera caract\u00e9ris\u00e9 par des vents mod\u00e9r\u00e9s \u00e0 forts de secteur sur l\u2019ensemble du territoire.<\/p>\n<p>Cette situation favorisera une visibilit\u00e9 affect\u00e9e \u00e0 r\u00e9duite par le sable ou des temp\u00eates de sable sur le nord, le centre, le sud et le sud-est du pays. Le ciel sera peu nuageux \u00e0 nuageux sur l\u2019ouest, le centre et le nord du pays, avec de faibles pluies attendues sur le nord du littoral, le nord de l\u2019Inchiri et l\u2019ouest du Tagant.<\/p>\n<p>Au niveau de la ville de Nouakchott, les vents seront mod\u00e9r\u00e9s \u00e0 forts de secteur nord-est \u00e0 est, avec une visibilit\u00e9 qui sera l\u00e9g\u00e8rement affect\u00e9e par le sable. Le ciel sera peu nuageux \u00e0 nuageux, avec de faibles pluies attendues au nord.<\/p>\n<p>Les pr\u00e9visions maritimes pour les zones c\u00f4ti\u00e8res et au large se caract\u00e9risent par une mer peu agit\u00e9e \u00e0 agit\u00e9e sur le long du littoral, tandis que la houle sera de direction nord-ouest et la hauteur des vagues qui variera de 0.5 \u00e0 1.25 m\u00e8tres.<\/p>\n<p>(Cap-Blanc : 0.5-1.25 m) \u2013 (Cap-Timiris : 0.5 -1.25 m) \u2013 (N\u2019Diago : 0.5-1.25 m).<\/p>\n<p>Temp\u00e9ratures minimales et maximales pour les prochaines 24 heures<\/p>\n<p>N\u00e9ma \u2026&#8230;&#8230;&#8230;&#8230;&#8230;&#8230;.. 18\/33\u00b0<\/p>\n<p>Timbedra \u2026&#8230;&#8230;&#8230;&#8230;. 19\/35\u00b0<\/p>\n<p>Oualata\u2026\u2026&#8230;&#8230;&#8230;&#8230;&#8230; 16\/31\u00b0<\/p>\n<p>Adel Bagrou\u2026&#8230;&#8230;&#8230; 19\/35\u00b0<\/p>\n<p>Bassiknou\u2026&#8230;&#8230;&#8230;&#8230;.. 17\/33\u00b0<\/p>\n<p>Aioun\u2026&#8230;&#8230;&#8230;&#8230;&#8230;&#8230;&#8230;. 19\/34\u00b0<\/p>\n<p>Tintane\u2026&#8230;&#8230;&#8230;&#8230;&#8230;&#8230;. 21\/36\u00b0<\/p>\n<p>Tamchekett\u2026&#8230;&#8230;&#8230;.. 20\/34\u00b0<\/p>\n<p>Kiffa\u2026\u2026&#8230;&#8230;&#8230;&#8230;&#8230;&#8230;&#8230;. 22\/37\u00b0<\/p>\n<p>Kankoussa&#8230;\u2026&#8230;&#8230;&#8230;. 23\/38\u00b0<\/p>\n<p>Barkewol\u2026\u2026\u2026&#8230;&#8230;&#8230;. 24\/38\u00b0<\/p>\n<p>Ka\u00e9di\u2026\u2026&#8230;&#8230;&#8230;&#8230;&#8230;&#8230;.. 25\/40\u00b0<\/p>\n<p>Monguel\u2026\u2026&#8230;&#8230;&#8230;&#8230;. 25\/39\u00b0<\/p>\n<p>Maghama\u2026\u2026\u2026&#8230;&#8230;.. 26\/40\u00b0<\/p>\n<p>Mbout\u2026\u2026&#8230;&#8230;&#8230;&#8230;&#8230;&#8230; 25\/39\u00b0<\/p>\n<p>Aleg\u2026\u2026\u2026&#8230;&#8230;&#8230;&#8230;&#8230;&#8230;.. 25\/39\u00b0<\/p>\n<p>Maghtalahjar\u2026\u2026\u2026.. 24\/38\u00b0<\/p>\n<p>Mall\u2026\u2026\u2026&#8230;&#8230;&#8230;&#8230;&#8230;&#8230;.. 24\/39\u00b0<\/p>\n<p>Bogh\u00e9\u2026\u2026\u2026\u2026&#8230;&#8230;&#8230;&#8230; 25\/40\u00b0<\/p>\n<p>Rosso\u2026\u2026\u2026\u2026&#8230;&#8230;&#8230;&#8230;.. 24\/39\u00b0<\/p>\n<p>Mederdra&#8230;&#8230;&#8230;&#8230;..\u2026.. 25\/39\u00b0<\/p>\n<p>Boutilimitt\u2026\u2026\u2026\u2026&#8230;.. 24\/39\u00b0<\/p>\n<p>Atar\u2026\u2026\u2026\u2026\u2026\u2026\u2026&#8230;&#8230;. 20\/35\u00b0<\/p>\n<p>Ouadane\u2026\u2026\u2026\u2026&#8230;&#8230;. 14\/30\u00b0<\/p>\n<p>Chinguetti\u2026\u2026\u2026\u2026&#8230;.. 15\/30\u00b0<\/p>\n<p>Aoujeft\u2026\u2026\u2026\u2026&#8230;&#8230;&#8230;.. 20\/34\u00b0<\/p>\n<p>Nouadhibou\u2026\u2026\u2026\u2026.19\/27\u00b0<\/p>\n<p>Tidjikja\u2026\u2026\u2026&#8230;&#8230;&#8230;&#8230;&#8230;.19\/32\u00b0<\/p>\n<p>Tichitt\u2026\u2026\u2026\u2026&#8230;&#8230;&#8230;&#8230;.. 17\/32\u00b0<\/p>\n<p>S\u00e9libaby\u2026\u2026\u2026\u2026&#8230;&#8230;&#8230; 25\/40\u00b0<\/p>\n<p>Zouerate\u2026\u2026&#8230;&#8230;&#8230;.\u2026. 17\/31\u00b0<\/p>\n<p>Bir Moghrein\u2026&#8230;\u2026\u2026 14\/28\u00b0<\/p>\n<p>Akjoujt\u2026\u2026\u2026\u2026&#8230;&#8230;&#8230;&#8230; 23\/37\u00b0<\/p>\n<p>Nouakchott\u2026\u2026\u2026\u2026.. 23\/35\u00b0<\/p>\n","protected":false},"excerpt":{"rendered":"<p>La situation g\u00e9n\u00e9rale en Mauritanie sera domin\u00e9e au cours des prochaines 24 heures, par un temps qui sera caract\u00e9ris\u00e9 par des vents mod\u00e9r\u00e9s \u00e0 forts de secteur sur l\u2019ensemble du territoire. Cette situation favorisera une visibilit\u00e9 affect\u00e9e \u00e0 r\u00e9duite par le sable ou des temp\u00eates de sable sur le nord, le centre, le sud et [&hellip;]<\/p>\n","protected":false},"author":16,"featured_media":292154,"comment_status":"open","ping_status":"open","sticky":false,"template":"","format":"standard","meta":{"footnotes":""},"categories":[63918,63957,63959],"tags":[],"class_list":["post-292153","post","type-post","status-publish","format-standard","has-post-thumbnail","hentry","category-autres","category-fil-dactualite","category-mauritanie"],"_links":{"self":[{"href":"https:\/\/ami.mr\/fr\/wp-json\/wp\/v2\/posts\/292153","targetHints":{"allow":["GET"]}}],"collection":[{"href":"https:\/\/ami.mr\/fr\/wp-json\/wp\/v2\/posts"}],"about":[{"href":"https:\/\/ami.mr\/fr\/wp-json\/wp\/v2\/types\/post"}],"author":[{"embeddable":true,"href":"https:\/\/ami.mr\/fr\/wp-json\/wp\/v2\/users\/16"}],"replies":[{"embeddable":true,"href":"https:\/\/ami.mr\/fr\/wp-json\/wp\/v2\/comments?post=292153"}],"version-history":[{"count":1,"href":"https:\/\/ami.mr\/fr\/wp-json\/wp\/v2\/posts\/292153\/revisions"}],"predecessor-version":[{"id":292155,"href":"https:\/\/ami.mr\/fr\/wp-json\/wp\/v2\/posts\/292153\/revisions\/292155"}],"wp:featuredmedia":[{"embeddable":true,"href":"https:\/\/ami.mr\/fr\/wp-json\/wp\/v2\/media\/292154"}],"wp:attachment":[{"href":"https:\/\/ami.mr\/fr\/wp-json\/wp\/v2\/media?parent=292153"}],"wp:term":[{"taxonomy":"category","embeddable":true,"href":"https:\/\/ami.mr\/fr\/wp-json\/wp\/v2\/categories?post=292153"},{"taxonomy":"post_tag","embeddable":true,"href":"https:\/\/ami.mr\/fr\/wp-json\/wp\/v2\/tags?post=292153"}],"curies":[{"name":"wp","href":"https:\/\/api.w.org\/{rel}","templated":true}]}}