{"id":292066,"date":"2026-03-28T18:31:47","date_gmt":"2026-03-28T18:31:47","guid":{"rendered":"https:\/\/ami.mr\/fr\/?p=292066"},"modified":"2026-03-28T18:31:47","modified_gmt":"2026-03-28T18:31:47","slug":"representant-le-president-de-la-republique-le-ministre-des-affaires-etrangeres-participe-au-11eme-sommet-de-lorganisation-des-etats-dafrique-des-caraibes-et-du-pacifique","status":"publish","type":"post","link":"https:\/\/ami.mr\/fr\/archives\/292066","title":{"rendered":"Repr\u00e9sentant le Pr\u00e9sident de la R\u00e9publique, le Ministre des Affaires \u00e9trang\u00e8res participe au 11\u00e8me Sommet de l&#8217;Organisation des \u00c9tats d&#8217;Afrique, des Cara\u00efbes et du Pacifique"},"content":{"rendered":"<p>Le Ministre des Affaires \u00e9trang\u00e8res, de la Coop\u00e9ration africaine et des Mauritaniens de l&#8217;ext\u00e9rieur, M. Mohamed Salem Ould Merzoug, repr\u00e9sentant Son Excellence le Pr\u00e9sident de la R\u00e9publique, Monsieiur Mohamed Ould Cheikh El Ghazouani, a particip\u00e9 aujourd&#8217;hui samedi aux travaux du onzi\u00e8me Sommet des Chefs d&#8217;\u00c9tat et de<\/p>\n<p>Gouvernement de l&#8217;Organisation des \u00c9tats d&#8217;Afrique, des Cara\u00efbes et du Pacifique, qui se tient dans la ville de Malabo, en R\u00e9publique de Guin\u00e9e \u00e9quatoriale.<\/p>\n<p>Le Ministre a expliqu\u00e9, dans un discours prononc\u00e9 \u00e0 cette occasion, que la coop\u00e9ration Sud-Sud n&#8217;est plus une option compl\u00e9mentaire, mais repr\u00e9sente un levier strat\u00e9gique pour la transformation structurelle, \u00e0 la lumi\u00e8re des transformations rapides que conna\u00eet le syst\u00e8me international et des d\u00e9fis croissants, notamment dans les domaines du climat et du d\u00e9veloppement.<\/p>\n<p>Il a ajout\u00e9 que l&#8217;Organisation des \u00c9tats d&#8217;Afrique, des Cara\u00efbes et du Pacifique, qui regroupe 79 pays et compte plus de 1,2 milliard d&#8217;habitants, poss\u00e8de un potentiel d\u00e9mographique et \u00e9conomique consid\u00e9rable, soutenu par d&#8217;importantes ressources naturelles et une position g\u00e9ographique strat\u00e9gique. Cependant, ces atouts n\u00e9cessitent encore un investissement optimal par le renforcement de l&#8217;int\u00e9gration \u00e9conomique et le d\u00e9veloppement du commerce intra-r\u00e9gional.<\/p>\n<p>Il a soulign\u00e9 que la faiblesse des \u00e9changes commerciaux entre les pays de l&#8217;Organisation exige des efforts pour \u00e9liminer les barri\u00e8res non tarifaires, d\u00e9velopper les cha\u00eenes de valeur r\u00e9gionales et investir dans les infrastructures transfrontali\u00e8res, en plus de soutenir l&#8217;int\u00e9gration num\u00e9rique et de traduire les engagements politiques en projets pratiques et r\u00e9alisables.<\/p>\n<p>Concernant les d\u00e9fis climatiques, le Ministre a soulign\u00e9 que les pays de l&#8217;Organisation sont parmi les plus touch\u00e9s par les effets du changement climatique, malgr\u00e9 leur contribution limit\u00e9e \u00e0 celui-ci, ce qui n\u00e9cessite de renforcer les partenariats bas\u00e9s sur la justice climatique, de faciliter l&#8217;acc\u00e8s aux financements concessionnels et le transfert de technologies propres, en soutien aux efforts d&#8217;adaptation et de renforcement de la r\u00e9silience.<\/p>\n<p>Il a appel\u00e9 \u00e0 se concentrer sur le d\u00e9veloppement de l&#8217;\u00e9conomie bleue, la promotion de l&#8217;agriculture intelligente face au climat et l&#8217;investissement dans les \u00e9nergies renouvelables, compte tenu du grand potentiel des pays de l&#8217;Organisation dans ce domaine.<\/p>\n<p>Sur le plan du financement, il a affirm\u00e9 que le fardeau de la dette constitue un obstacle aux efforts de d\u00e9veloppement dans un certain nombre de pays, ce qui impose de travailler \u00e0 son r\u00e9\u00e9chelonnement et \u00e0 son all\u00e9gement, parall\u00e8lement \u00e0 la mobilisation des ressources internes, au renforcement de la gouvernance \u00e9conomique et \u00e0 la lutte contre les flux financiers illicites, tout en accordant la priorit\u00e9 \u00e0 l&#8217;investissement dans le capital humain, en particulier les jeunes et les femmes.<\/p>\n<p>Le Ministre a soulign\u00e9 la n\u00e9cessit\u00e9 de faire passer l&#8217;Organisation d&#8217;un mod\u00e8le bas\u00e9 sur l&#8217;aide \u00e0 un mod\u00e8le fond\u00e9 sur la souverainet\u00e9 \u00e9conomique, l&#8217;int\u00e9gration et une solidarit\u00e9 efficace, afin de renforcer sa capacit\u00e9 \u00e0 contribuer \u00e0 la formation d&#8217;un syst\u00e8me international plus \u00e9quilibr\u00e9 et plus juste.<\/p>\n<p>Il a r\u00e9affirm\u00e9 l&#8217;engagement de la Mauritanie \u00e0 travailler avec ses partenaires pour le succ\u00e8s de ce Sommet et le d\u00e9veloppement des m\u00e9canismes de travail de l&#8217;Organisation afin de servir les int\u00e9r\u00eats de ses peuples et de renforcer les voies du d\u00e9veloppement durable.<\/p>\n<p>Aux c\u00f4t\u00e9s du Ministre, une d\u00e9l\u00e9gation du Minist\u00e8re des Affaires \u00e9trang\u00e8res \u00e9tait pr\u00e9sente, comprenant le D\u00e9l\u00e9gu\u00e9 permanent aupr\u00e8s de l&#8217;Union africaine, l&#8217;Ambassadeur accr\u00e9dit\u00e9 aupr\u00e8s de la Guin\u00e9e \u00e9quatoriale, l&#8217;Ambassadeur Directeur de la Communication, l&#8217;Ambassadeur Directeur des Affaires de l&#8217;Union africaine, l&#8217;Ambassadeur Directeur du Protocole et la Directrice adjointe de la Direction de l&#8217;Union africaine.<\/p>\n","protected":false},"excerpt":{"rendered":"<p>Le Ministre des Affaires \u00e9trang\u00e8res, de la Coop\u00e9ration africaine et des Mauritaniens de l&#8217;ext\u00e9rieur, M. Mohamed Salem Ould Merzoug, repr\u00e9sentant Son Excellence le Pr\u00e9sident de la R\u00e9publique, Monsieiur Mohamed Ould Cheikh El Ghazouani, a particip\u00e9 aujourd&#8217;hui samedi aux travaux du onzi\u00e8me Sommet des Chefs d&#8217;\u00c9tat et de Gouvernement de l&#8217;Organisation des \u00c9tats d&#8217;Afrique, des Cara\u00efbes [&hellip;]<\/p>\n","protected":false},"author":53,"featured_media":292067,"comment_status":"open","ping_status":"open","sticky":false,"template":"","format":"standard","meta":{"footnotes":""},"categories":[63920,63957,25,63926],"tags":[],"class_list":["post-292066","post","type-post","status-publish","format-standard","has-post-thumbnail","hentry","category-a-la-une","category-fil-dactualite","category-25","category-slider-general"],"_links":{"self":[{"href":"https:\/\/ami.mr\/fr\/wp-json\/wp\/v2\/posts\/292066","targetHints":{"allow":["GET"]}}],"collection":[{"href":"https:\/\/ami.mr\/fr\/wp-json\/wp\/v2\/posts"}],"about":[{"href":"https:\/\/ami.mr\/fr\/wp-json\/wp\/v2\/types\/post"}],"author":[{"embeddable":true,"href":"https:\/\/ami.mr\/fr\/wp-json\/wp\/v2\/users\/53"}],"replies":[{"embeddable":true,"href":"https:\/\/ami.mr\/fr\/wp-json\/wp\/v2\/comments?post=292066"}],"version-history":[{"count":1,"href":"https:\/\/ami.mr\/fr\/wp-json\/wp\/v2\/posts\/292066\/revisions"}],"predecessor-version":[{"id":292068,"href":"https:\/\/ami.mr\/fr\/wp-json\/wp\/v2\/posts\/292066\/revisions\/292068"}],"wp:featuredmedia":[{"embeddable":true,"href":"https:\/\/ami.mr\/fr\/wp-json\/wp\/v2\/media\/292067"}],"wp:attachment":[{"href":"https:\/\/ami.mr\/fr\/wp-json\/wp\/v2\/media?parent=292066"}],"wp:term":[{"taxonomy":"category","embeddable":true,"href":"https:\/\/ami.mr\/fr\/wp-json\/wp\/v2\/categories?post=292066"},{"taxonomy":"post_tag","embeddable":true,"href":"https:\/\/ami.mr\/fr\/wp-json\/wp\/v2\/tags?post=292066"}],"curies":[{"name":"wp","href":"https:\/\/api.w.org\/{rel}","templated":true}]}}