{"id":291898,"date":"2026-03-25T20:53:07","date_gmt":"2026-03-25T20:53:07","guid":{"rendered":"https:\/\/ami.mr\/fr\/?p=291898"},"modified":"2026-03-25T20:53:07","modified_gmt":"2026-03-25T20:53:07","slug":"la-ministre-de-la-fonction-publique-rencontre-le-ministre-soudanais-des-ressources-humaines-et-du-developpement-social","status":"publish","type":"post","link":"https:\/\/ami.mr\/fr\/archives\/291898","title":{"rendered":"La ministre de la Fonction publique rencontre le ministre soudanais des Ressources humaines et du D\u00e9veloppement social"},"content":{"rendered":"<p style=\"box-sizing: border-box;border-collapse: collapse;color: #000000;font-family: 'Segoe UI', 'Open Sans', sans-serif, serif;font-size: 16.8px\">La ministre de la Fonction publique et du Travail, Mme Mariem Boydiel Houmeid, a tenu, ce mercredi \u00e0 Gen\u00e8ve, une rencontre avec le ministre des Ressources humaines et du D\u00e9veloppement social de la R\u00e9publique du Soudan, M. Moatasim Ahmed Saleh, en marge des travaux de la 356e session du Conseil d\u2019administration de l\u2019Organisation internationale du Travail.<\/p>\n<p style=\"box-sizing: border-box;border-collapse: collapse;color: #000000;font-family: 'Segoe UI', 'Open Sans', sans-serif, serif;font-size: 16.8px\">\n<p style=\"box-sizing: border-box;border-collapse: collapse;color: #000000;font-family: 'Segoe UI', 'Open Sans', sans-serif, serif;font-size: 16.8px\">\n<p style=\"box-sizing: border-box;border-collapse: collapse;color: #000000;font-family: 'Segoe UI', 'Open Sans', sans-serif, serif;font-size: 16.8px\">\n<p style=\"box-sizing: border-box;border-collapse: collapse;color: #000000;font-family: 'Segoe UI', 'Open Sans', sans-serif, serif;font-size: 16.8px\">Cette rencontre a constitu\u00e9 une occasion d\u2019\u00e9changer les points de vue sur un certain nombre de questions d\u2019int\u00e9r\u00eat commun.<\/p>\n<p style=\"box-sizing: border-box;border-collapse: collapse;color: #000000;font-family: 'Segoe UI', 'Open Sans', sans-serif, serif;font-size: 16.8px\">\n<p style=\"box-sizing: border-box;border-collapse: collapse;color: #000000;font-family: 'Segoe UI', 'Open Sans', sans-serif, serif;font-size: 16.8px\">\n<p style=\"box-sizing: border-box;border-collapse: collapse;color: #000000;font-family: 'Segoe UI', 'Open Sans', sans-serif, serif;font-size: 16.8px\">\n<p style=\"box-sizing: border-box;border-collapse: collapse;color: #000000;font-family: 'Segoe UI', 'Open Sans', sans-serif, serif;font-size: 16.8px\">Les deux parties ont \u00e9galement r\u00e9affirm\u00e9 leur volont\u00e9 de renforcer la coop\u00e9ration bilat\u00e9rale et d\u2019intensifier la coordination dans divers domaines, au service des int\u00e9r\u00eats des deux pays fr\u00e8res.<\/p>\n","protected":false},"excerpt":{"rendered":"<p>La ministre de la Fonction publique et du Travail, Mme Mariem Boydiel Houmeid, a tenu, ce mercredi \u00e0 Gen\u00e8ve, une rencontre avec le ministre des Ressources humaines et du D\u00e9veloppement social de la R\u00e9publique du Soudan, M. Moatasim Ahmed Saleh, en marge des travaux de la 356e session du Conseil d\u2019administration de l\u2019Organisation internationale du [&hellip;]<\/p>\n","protected":false},"author":5,"featured_media":291899,"comment_status":"open","ping_status":"open","sticky":false,"template":"","format":"standard","meta":{"footnotes":""},"categories":[63918,63957,25],"tags":[],"class_list":["post-291898","post","type-post","status-publish","format-standard","has-post-thumbnail","hentry","category-autres","category-fil-dactualite","category-25"],"_links":{"self":[{"href":"https:\/\/ami.mr\/fr\/wp-json\/wp\/v2\/posts\/291898","targetHints":{"allow":["GET"]}}],"collection":[{"href":"https:\/\/ami.mr\/fr\/wp-json\/wp\/v2\/posts"}],"about":[{"href":"https:\/\/ami.mr\/fr\/wp-json\/wp\/v2\/types\/post"}],"author":[{"embeddable":true,"href":"https:\/\/ami.mr\/fr\/wp-json\/wp\/v2\/users\/5"}],"replies":[{"embeddable":true,"href":"https:\/\/ami.mr\/fr\/wp-json\/wp\/v2\/comments?post=291898"}],"version-history":[{"count":1,"href":"https:\/\/ami.mr\/fr\/wp-json\/wp\/v2\/posts\/291898\/revisions"}],"predecessor-version":[{"id":291900,"href":"https:\/\/ami.mr\/fr\/wp-json\/wp\/v2\/posts\/291898\/revisions\/291900"}],"wp:featuredmedia":[{"embeddable":true,"href":"https:\/\/ami.mr\/fr\/wp-json\/wp\/v2\/media\/291899"}],"wp:attachment":[{"href":"https:\/\/ami.mr\/fr\/wp-json\/wp\/v2\/media?parent=291898"}],"wp:term":[{"taxonomy":"category","embeddable":true,"href":"https:\/\/ami.mr\/fr\/wp-json\/wp\/v2\/categories?post=291898"},{"taxonomy":"post_tag","embeddable":true,"href":"https:\/\/ami.mr\/fr\/wp-json\/wp\/v2\/tags?post=291898"}],"curies":[{"name":"wp","href":"https:\/\/api.w.org\/{rel}","templated":true}]}}