{"id":291891,"date":"2026-03-25T19:32:03","date_gmt":"2026-03-25T19:32:03","guid":{"rendered":"https:\/\/ami.mr\/fr\/?p=291891"},"modified":"2026-03-25T19:32:03","modified_gmt":"2026-03-25T19:32:03","slug":"le-wali-du-hodh-charghi-preside-une-reunion-sur-les-mecanismes-de-rationalisation-de-la-consommation-de-carburant","status":"publish","type":"post","link":"https:\/\/ami.mr\/fr\/archives\/291891","title":{"rendered":"Le wali du Hodh Charghi pr\u00e9side une r\u00e9union sur les m\u00e9canismes de rationalisation de la consommation de carburant"},"content":{"rendered":"<p>Le wali du Hodh Charghi, M. Isselmou Ould Sidi, a pr\u00e9sid\u00e9 ce mercredi, dans les locaux de la wilaya \u00e0 N\u00e9ma, une r\u00e9union \u00e9largie consacr\u00e9e \u00e0 l\u2019\u00e9tude et \u00e0 la mise en \u0153uvre d\u2019un ensemble de mesures visant \u00e0 rationaliser la consommation de carburants et \u00e0 optimiser l\u2019utilisation des ressources.<\/p>\n<p>Cette rencontre s\u2019inscrit dans le cadre de la mise en \u0153uvre des directives des plus hautes autorit\u00e9s du pays, visant \u00e0 prot\u00e9ger les stocks strat\u00e9giques, \u00e0 garantir la durabilit\u00e9 des produits de premi\u00e8re n\u00e9cessit\u00e9 et \u00e0 r\u00e9duire le gaspillage \u00e9nerg\u00e9tique afin d\u2019\u00e9viter toute pression sur les r\u00e9seaux publics.<\/p>\n<p>Dans son allocution, le wali a appel\u00e9 les services publics \u00e0 respecter strictement la r\u00e9duction des d\u00e9penses op\u00e9rationnelles non essentielles, tout en encourageant le lancement de vastes campagnes de sensibilisation pour informer les citoyens de l\u2019importance de la rationalisation et de l\u2019adaptation \u00e0 la conjoncture actuelle, et d\u2019ancrer cette culture en tant que responsabilit\u00e9 collective.<\/p>\n<p>En conclusion de la r\u00e9union, le wali a rassur\u00e9 l\u2019auditoire sur l\u2019\u00e9tat des stocks nationaux, affirmant que l\u2019\u00c9tat suit de pr\u00e8s la situation pour garantir la stabilit\u00e9 des march\u00e9s et des services essentiels.<\/p>\n<p>La r\u00e9union s\u2019est tenue en pr\u00e9sence des autorit\u00e9s administratives, du maire de N\u00e9ma, des responsables des forces de s\u00e9curit\u00e9 et de d\u00e9fense, ainsi que des chefs des services r\u00e9gionaux et des repr\u00e9sentants de la soci\u00e9t\u00e9 civile.<\/p>\n","protected":false},"excerpt":{"rendered":"<p>Le wali du Hodh Charghi, M. Isselmou Ould Sidi, a pr\u00e9sid\u00e9 ce mercredi, dans les locaux de la wilaya \u00e0 N\u00e9ma, une r\u00e9union \u00e9largie consacr\u00e9e \u00e0 l\u2019\u00e9tude et \u00e0 la mise en \u0153uvre d\u2019un ensemble de mesures visant \u00e0 rationaliser la consommation de carburants et \u00e0 optimiser l\u2019utilisation des ressources. Cette rencontre s\u2019inscrit dans le [&hellip;]<\/p>\n","protected":false},"author":5,"featured_media":291893,"comment_status":"open","ping_status":"open","sticky":false,"template":"","format":"standard","meta":{"footnotes":""},"categories":[63918,63957,8672],"tags":[],"class_list":["post-291891","post","type-post","status-publish","format-standard","has-post-thumbnail","hentry","category-autres","category-fil-dactualite","category-8672"],"_links":{"self":[{"href":"https:\/\/ami.mr\/fr\/wp-json\/wp\/v2\/posts\/291891","targetHints":{"allow":["GET"]}}],"collection":[{"href":"https:\/\/ami.mr\/fr\/wp-json\/wp\/v2\/posts"}],"about":[{"href":"https:\/\/ami.mr\/fr\/wp-json\/wp\/v2\/types\/post"}],"author":[{"embeddable":true,"href":"https:\/\/ami.mr\/fr\/wp-json\/wp\/v2\/users\/5"}],"replies":[{"embeddable":true,"href":"https:\/\/ami.mr\/fr\/wp-json\/wp\/v2\/comments?post=291891"}],"version-history":[{"count":1,"href":"https:\/\/ami.mr\/fr\/wp-json\/wp\/v2\/posts\/291891\/revisions"}],"predecessor-version":[{"id":291894,"href":"https:\/\/ami.mr\/fr\/wp-json\/wp\/v2\/posts\/291891\/revisions\/291894"}],"wp:featuredmedia":[{"embeddable":true,"href":"https:\/\/ami.mr\/fr\/wp-json\/wp\/v2\/media\/291893"}],"wp:attachment":[{"href":"https:\/\/ami.mr\/fr\/wp-json\/wp\/v2\/media?parent=291891"}],"wp:term":[{"taxonomy":"category","embeddable":true,"href":"https:\/\/ami.mr\/fr\/wp-json\/wp\/v2\/categories?post=291891"},{"taxonomy":"post_tag","embeddable":true,"href":"https:\/\/ami.mr\/fr\/wp-json\/wp\/v2\/tags?post=291891"}],"curies":[{"name":"wp","href":"https:\/\/api.w.org\/{rel}","templated":true}]}}