{"id":291607,"date":"2026-03-20T10:33:14","date_gmt":"2026-03-20T10:33:14","guid":{"rendered":"https:\/\/ami.mr\/fr\/?p=291607"},"modified":"2026-03-20T10:33:14","modified_gmt":"2026-03-20T10:33:14","slug":"nouakchott-ouverture-de-la-saison-religieuse-annuelle-de-lordre-qadiriyya-en-afrique-de-louest","status":"publish","type":"post","link":"https:\/\/ami.mr\/fr\/archives\/291607","title":{"rendered":"Nouakchott : Ouverture de la saison religieuse annuelle de l&#8217;Ordre Qadiriyya en Afrique de l&#8217;Ouest"},"content":{"rendered":"<p>Le ministre des Affaires islamiques et de l&#8217;Enseignement originel, M. Vadil Sidaty Ahmed Louly, a pr\u00e9sid\u00e9, jeudi soir, \u00e0 Nemjatt, en pr\u00e9sence du wali du Trarza,M. Ahmedna Ould Sidibe et du Grand Calife de l&#8217;Ordre Qadiriyya, Cheikh Abdel Aziz Ould Cheikh Ayah, l&#8217;ouverture de la saison religieuse annuelle de l&#8217;Ordre Qadiriyya en Afrique de l&#8217;Ouest.<\/p>\n<p>Dans son discours, le ministre a expliqu\u00e9 que cette saison repr\u00e9sente une \u00e9tape importante sur le chemin de l&#8217;\u00e9panouissement culturel et religieux, un espace o\u00f9 le sens du savoir et de la purification spirituelle se renouvelle et o\u00f9 les liens d&#8217;appartenance et d&#8217;identit\u00e9 se renforcent.<\/p>\n<p>Il a ajout\u00e9 que ces moments de spiritualit\u00e9 ne constituent ni un luxe culturel ni une coutume sociale passag\u00e8re, mais bien un pilier de s\u00e9curit\u00e9 spirituelle, un rempart solide de l&#8217;identit\u00e9 et un pont entre les c\u0153urs, o\u00f9 l&#8217;unit\u00e9 de r\u00e9f\u00e9rence est renforc\u00e9e et les valeurs partag\u00e9es raviv\u00e9es.<\/p>\n<p>Le ministre a expliqu\u00e9 que la c\u00e9l\u00e9bration de cette p\u00e9riode b\u00e9nie s&#8217;inscrit dans la vision de Son Excellence le Pr\u00e9sident de la R\u00e9publique, M. Mohamed Ould Cheikh El Ghazouani, qui vise \u00e0 consolider les valeurs de paix et \u00e0 renforcer l&#8217;influence culturelle et religieuse. C&#8217;est dans cette perspective que le gouvernement de Son Excellence le Premier ministre, M. Mokhtar Ould Djay, s&#8217;efforce de concr\u00e9tiser par des politiques \u00e9quilibr\u00e9es alliant accompagnement religieux et service culturel, renforcement de la stabilit\u00e9 et stimulation du d\u00e9veloppement.<\/p>\n<p>Le ministre a soulign\u00e9 que les ordres soufis ont historiquement jou\u00e9 un r\u00f4le essentiel dans l&#8217;\u00e9ducation spirituelle, la consolidation des valeurs de tol\u00e9rance et de mod\u00e9ration, et la pr\u00e9servation du tissu social. Ces lieux ont servi d&#8217;\u00e9coles de d\u00e9veloppement humain et de p\u00e9pini\u00e8res de purification spirituelle, contribuant \u00e0 r\u00e9pandre l&#8217;affection et \u00e0 prot\u00e9ger la soci\u00e9t\u00e9 de la fragmentation et de la division.<\/p>\n<p>Pour sa part, le maire de Tiguent, M. Mohamed Vall Ould El Kharachi, a salu\u00e9 l&#8217;organisation de cette saison pour les opportunit\u00e9s qu&#8217;elle offre en mati\u00e8re de pr\u00e9dication et de transmission du savoir.<\/p>\n<p>De son c\u00f4t\u00e9, Cheikh Taleb Bouya Ould Cheikh Ayah, pr\u00e9sident de l&#8217;Association caritative Cheikh Ayah, a pr\u00e9sent\u00e9 un aper\u00e7u d\u00e9taill\u00e9 du Califat g\u00e9n\u00e9ral et des activit\u00e9s de l&#8217;association, soulignant ses efforts pour venir en aide aux plus d\u00e9munis et insistant sur le fait que les ordres soufis se caract\u00e9risent par l&#8217;int\u00e9grit\u00e9, la mod\u00e9ration et l&#8217;\u00e9quilibre.<\/p>\n<p>Ensuite, M. El Wal\u063a Ould Ebatne, porte-parole du Califat g\u00e9n\u00e9ral de l&#8217;Ordre Qadiriyya, a expliqu\u00e9 que cette saison est l&#8217;un des plus grands rassemblements religieux du pays, attirant des dizaines de milliers de personnes de divers pays d&#8217;Afrique de l&#8217;Ouest. Elle constitue un espace de communication et une plateforme pour diffuser les valeurs de tol\u00e9rance de l&#8217;islam et promouvoir les principes de mod\u00e9ration.<\/p>\n<p>Le ministre, accompagn\u00e9 du wali du Trarza, a visit\u00e9 l&#8217;\u00e9cole coranique de Nemjatt, fond\u00e9e par l&#8217;Association caritative Cheikh Ayah. L&#8217;\u00e9tablissement accueille plus de 600 \u00e9l\u00e8ves qui \u00e9tudient le Saint Coran, les textes de jurisprudence et la linguistique sous la direction d&#8217;un staff d&#8217;enseignants tri\u00e9s sur le volet.<\/p>\n<p>La d\u00e9l\u00e9gation a \u00e9galement visit\u00e9 la Grande Mosqu\u00e9e de Nemjatt, supervis\u00e9 la remise d&#8217;importants prix aux laur\u00e9ats du concours de r\u00e9citation coranique du Califat g\u00e9n\u00e9ral de l&#8217;Ordre Qadiriyya et rendu hommage au personnel de l&#8217;association.<\/p>\n<p>La saison a \u00e9t\u00e9 ouverte en pr\u00e9sence du hakem de la moughataa de Mederdra, de ses \u00e9lus, des responsables des services de s\u00e9curit\u00e9 de la wilaya du Trarza et de plusieurs milliers de disciples de la confr\u00e9rie Qadiriyya d&#8217;Afrique de l&#8217;Ouest.<\/p>\n","protected":false},"excerpt":{"rendered":"<p>Le ministre des Affaires islamiques et de l&#8217;Enseignement originel, M. Vadil Sidaty Ahmed Louly, a pr\u00e9sid\u00e9, jeudi soir, \u00e0 Nemjatt, en pr\u00e9sence du wali du Trarza,M. Ahmedna Ould Sidibe et du Grand Calife de l&#8217;Ordre Qadiriyya, Cheikh Abdel Aziz Ould Cheikh Ayah, l&#8217;ouverture de la saison religieuse annuelle de l&#8217;Ordre Qadiriyya en Afrique de l&#8217;Ouest. [&hellip;]<\/p>\n","protected":false},"author":18,"featured_media":291608,"comment_status":"open","ping_status":"open","sticky":false,"template":"","format":"standard","meta":{"footnotes":""},"categories":[63920,63957,8672],"tags":[],"class_list":["post-291607","post","type-post","status-publish","format-standard","has-post-thumbnail","hentry","category-a-la-une","category-fil-dactualite","category-8672"],"_links":{"self":[{"href":"https:\/\/ami.mr\/fr\/wp-json\/wp\/v2\/posts\/291607","targetHints":{"allow":["GET"]}}],"collection":[{"href":"https:\/\/ami.mr\/fr\/wp-json\/wp\/v2\/posts"}],"about":[{"href":"https:\/\/ami.mr\/fr\/wp-json\/wp\/v2\/types\/post"}],"author":[{"embeddable":true,"href":"https:\/\/ami.mr\/fr\/wp-json\/wp\/v2\/users\/18"}],"replies":[{"embeddable":true,"href":"https:\/\/ami.mr\/fr\/wp-json\/wp\/v2\/comments?post=291607"}],"version-history":[{"count":1,"href":"https:\/\/ami.mr\/fr\/wp-json\/wp\/v2\/posts\/291607\/revisions"}],"predecessor-version":[{"id":291609,"href":"https:\/\/ami.mr\/fr\/wp-json\/wp\/v2\/posts\/291607\/revisions\/291609"}],"wp:featuredmedia":[{"embeddable":true,"href":"https:\/\/ami.mr\/fr\/wp-json\/wp\/v2\/media\/291608"}],"wp:attachment":[{"href":"https:\/\/ami.mr\/fr\/wp-json\/wp\/v2\/media?parent=291607"}],"wp:term":[{"taxonomy":"category","embeddable":true,"href":"https:\/\/ami.mr\/fr\/wp-json\/wp\/v2\/categories?post=291607"},{"taxonomy":"post_tag","embeddable":true,"href":"https:\/\/ami.mr\/fr\/wp-json\/wp\/v2\/tags?post=291607"}],"curies":[{"name":"wp","href":"https:\/\/api.w.org\/{rel}","templated":true}]}}