{"id":291490,"date":"2026-03-18T17:14:18","date_gmt":"2026-03-18T17:14:18","guid":{"rendered":"https:\/\/ami.mr\/fr\/?p=291490"},"modified":"2026-03-18T17:14:18","modified_gmt":"2026-03-18T17:14:18","slug":"kaedi-adoption-de-mesures-pour-securiser-les-marches-a-lapproche-de-laid-al-fitr","status":"publish","type":"post","link":"https:\/\/ami.mr\/fr\/archives\/291490","title":{"rendered":"Ka\u00e9di: adoption de mesures pour s\u00e9curiser les march\u00e9s \u00e0 l&#8217;approche de l&#8217;A\u00efd al-Fitr"},"content":{"rendered":"<p>Le hakem mou\u00e7aid de Ka\u00e9di, M. Mohamed Ould Sidi, a effectu\u00e9, mercredi, une visite d&#8217;inspection et d&#8217;information au march\u00e9 central de la ville de Ka\u00e9di. Cette visite s&#8217;inscrit dans le cadre de la mise en \u0153uvre du plan de s\u00e9curit\u00e9 visant \u00e0 assurer la s\u00fbret\u00e9 des citoyens et la protection de leurs biens, \u00e0 l&#8217;approche de l&#8217;A\u00efd al-Fitr.<\/p>\n<p>Dans une d\u00e9claration \u00e0 l&#8217;Agence Mauritanienne d&#8217;Information, il a affirm\u00e9 que cette visite s&#8217;inscrit dans le cadre de l&#8217;\u00e9laboration d&#8217;un plan de s\u00e9curit\u00e9 visant \u00e0 r\u00e9guler la circulation des personnes, des marchandises et des v\u00e9hicules \u00e0 l&#8217;int\u00e9rieur du march\u00e9.<\/p>\n<p>Le hakem \u00e9tait accompagn\u00e9, lors de cette visite, de l&#8217;adjoint au maire de la commune de Ka\u00e9di, M. Tiyib Ould Mouri, ainsi que de plusieurs responsables de la s\u00e9curit\u00e9.<\/p>\n","protected":false},"excerpt":{"rendered":"<p>Le hakem mou\u00e7aid de Ka\u00e9di, M. Mohamed Ould Sidi, a effectu\u00e9, mercredi, une visite d&#8217;inspection et d&#8217;information au march\u00e9 central de la ville de Ka\u00e9di. Cette visite s&#8217;inscrit dans le cadre de la mise en \u0153uvre du plan de s\u00e9curit\u00e9 visant \u00e0 assurer la s\u00fbret\u00e9 des citoyens et la protection de leurs biens, \u00e0 l&#8217;approche [&hellip;]<\/p>\n","protected":false},"author":5,"featured_media":291491,"comment_status":"open","ping_status":"open","sticky":false,"template":"","format":"standard","meta":{"footnotes":""},"categories":[63918,63957,8672],"tags":[],"class_list":["post-291490","post","type-post","status-publish","format-standard","has-post-thumbnail","hentry","category-autres","category-fil-dactualite","category-8672"],"_links":{"self":[{"href":"https:\/\/ami.mr\/fr\/wp-json\/wp\/v2\/posts\/291490","targetHints":{"allow":["GET"]}}],"collection":[{"href":"https:\/\/ami.mr\/fr\/wp-json\/wp\/v2\/posts"}],"about":[{"href":"https:\/\/ami.mr\/fr\/wp-json\/wp\/v2\/types\/post"}],"author":[{"embeddable":true,"href":"https:\/\/ami.mr\/fr\/wp-json\/wp\/v2\/users\/5"}],"replies":[{"embeddable":true,"href":"https:\/\/ami.mr\/fr\/wp-json\/wp\/v2\/comments?post=291490"}],"version-history":[{"count":1,"href":"https:\/\/ami.mr\/fr\/wp-json\/wp\/v2\/posts\/291490\/revisions"}],"predecessor-version":[{"id":291492,"href":"https:\/\/ami.mr\/fr\/wp-json\/wp\/v2\/posts\/291490\/revisions\/291492"}],"wp:featuredmedia":[{"embeddable":true,"href":"https:\/\/ami.mr\/fr\/wp-json\/wp\/v2\/media\/291491"}],"wp:attachment":[{"href":"https:\/\/ami.mr\/fr\/wp-json\/wp\/v2\/media?parent=291490"}],"wp:term":[{"taxonomy":"category","embeddable":true,"href":"https:\/\/ami.mr\/fr\/wp-json\/wp\/v2\/categories?post=291490"},{"taxonomy":"post_tag","embeddable":true,"href":"https:\/\/ami.mr\/fr\/wp-json\/wp\/v2\/tags?post=291490"}],"curies":[{"name":"wp","href":"https:\/\/api.w.org\/{rel}","templated":true}]}}