{"id":291386,"date":"2026-03-16T23:39:52","date_gmt":"2026-03-16T23:39:52","guid":{"rendered":"https:\/\/ami.mr\/fr\/?p=291386"},"modified":"2026-03-16T23:40:52","modified_gmt":"2026-03-16T23:40:52","slug":"le-ministre-des-affaires-etrangeres-sentretient-avec-lambassadeur-de-libye","status":"publish","type":"post","link":"https:\/\/ami.mr\/fr\/archives\/291386","title":{"rendered":"Le ministre des Affaires \u00e9trang\u00e8res s&#8217;entretient avec l&#8217;ambassadeur de Libye"},"content":{"rendered":"<div class=\"cell size-p10 padding20 no-padding-left no-padding-right no-padding-bottom\">Son Excellence le ministre des Affaires \u00e9trang\u00e8res, de la Coop\u00e9ration africaine et des Mauritaniens de l&#8217;Ext\u00e9rieur, M. Mohamed Salem Ould Merzoug, a eu des entretiens, ce lundi soir, dans son bureau, avec Son Excellence M. Souhail Mohamed Abdel Salam Al-Triki, ambassadeur de l&#8217;\u00c9tat de Libye accr\u00e9dit\u00e9 aupr\u00e8s de la Mauritanie.<\/div>\n<div class=\"cell auto-size\">\n<div class=\"set-border bd-gray padding10 margin10 no-margin-right no-margin-left \" dir=\"ltr\">\n<p>Les entretiens ont port\u00e9 sur les relations bilat\u00e9rales entre les deux pays fr\u00e8res et les moyens de les renforcer et de les d\u00e9velopper, ainsi que sur l&#8217;examen d&#8217;un certain nombre de questions d&#8217;int\u00e9r\u00eat commun.<\/p>\n<p>L&#8217;ambassadeur charg\u00e9 de mission au minist\u00e8re, M. Lemine Mohamed Salem, a assist\u00e9 \u00e0 la r\u00e9union.<\/p>\n<\/div>\n<\/div>\n","protected":false},"excerpt":{"rendered":"<p>Son Excellence le ministre des Affaires \u00e9trang\u00e8res, de la Coop\u00e9ration africaine et des Mauritaniens de l&#8217;Ext\u00e9rieur, M. Mohamed Salem Ould Merzoug, a eu des entretiens, ce lundi soir, dans son bureau, avec Son Excellence M. Souhail Mohamed Abdel Salam Al-Triki, ambassadeur de l&#8217;\u00c9tat de Libye accr\u00e9dit\u00e9 aupr\u00e8s de la Mauritanie. Les entretiens ont port\u00e9 sur [&hellip;]<\/p>\n","protected":false},"author":10,"featured_media":291387,"comment_status":"open","ping_status":"open","sticky":false,"template":"","format":"standard","meta":{"footnotes":""},"categories":[63918,63957,63959],"tags":[],"class_list":["post-291386","post","type-post","status-publish","format-standard","has-post-thumbnail","hentry","category-autres","category-fil-dactualite","category-mauritanie"],"_links":{"self":[{"href":"https:\/\/ami.mr\/fr\/wp-json\/wp\/v2\/posts\/291386","targetHints":{"allow":["GET"]}}],"collection":[{"href":"https:\/\/ami.mr\/fr\/wp-json\/wp\/v2\/posts"}],"about":[{"href":"https:\/\/ami.mr\/fr\/wp-json\/wp\/v2\/types\/post"}],"author":[{"embeddable":true,"href":"https:\/\/ami.mr\/fr\/wp-json\/wp\/v2\/users\/10"}],"replies":[{"embeddable":true,"href":"https:\/\/ami.mr\/fr\/wp-json\/wp\/v2\/comments?post=291386"}],"version-history":[{"count":3,"href":"https:\/\/ami.mr\/fr\/wp-json\/wp\/v2\/posts\/291386\/revisions"}],"predecessor-version":[{"id":291390,"href":"https:\/\/ami.mr\/fr\/wp-json\/wp\/v2\/posts\/291386\/revisions\/291390"}],"wp:featuredmedia":[{"embeddable":true,"href":"https:\/\/ami.mr\/fr\/wp-json\/wp\/v2\/media\/291387"}],"wp:attachment":[{"href":"https:\/\/ami.mr\/fr\/wp-json\/wp\/v2\/media?parent=291386"}],"wp:term":[{"taxonomy":"category","embeddable":true,"href":"https:\/\/ami.mr\/fr\/wp-json\/wp\/v2\/categories?post=291386"},{"taxonomy":"post_tag","embeddable":true,"href":"https:\/\/ami.mr\/fr\/wp-json\/wp\/v2\/tags?post=291386"}],"curies":[{"name":"wp","href":"https:\/\/api.w.org\/{rel}","templated":true}]}}