{"id":291318,"date":"2026-03-16T16:50:14","date_gmt":"2026-03-16T16:50:14","guid":{"rendered":"https:\/\/ami.mr\/fr\/?p=291318"},"modified":"2026-03-16T16:51:01","modified_gmt":"2026-03-16T16:51:01","slug":"le-ministre-de-la-formation-professionnelle-recoit-lambassadrice-du-rwanda","status":"publish","type":"post","link":"https:\/\/ami.mr\/fr\/archives\/291318","title":{"rendered":"Le ministre de la Formation professionnelle re\u00e7oit l&#8217;ambassadrice du Rwanda"},"content":{"rendered":"<p>Le ministre de la Formation professionnelle, de l&#8217;Artisanat et des M\u00e9tiers, M. Mohamed Malainine Ould Eyih, a re\u00e7u, lundi \u00e0 Nouakchott, SEMme Shakila Omutoni, ambassadrice du Rwanda accr\u00e9dit\u00e9e en Mauritanie.<\/p>\n<p>La rencontre a port\u00e9 sur les relations bilat\u00e9rales entre la Mauritanie et le Rwanda, notamment dans le domaine de la formation professionnelle, de l&#8217;artisanat et des m\u00e9tiers, ainsi que les moyens de les renforcer.<\/p>\n<p>Le secr\u00e9taire g\u00e9n\u00e9ral du minist\u00e8re, M. Mohamed Ahmedou Abdi, ainsi que plusieurs cadres du d\u00e9partement ont assist\u00e9 \u00e0 la rencontre.<\/p>\n","protected":false},"excerpt":{"rendered":"<p>Le ministre de la Formation professionnelle, de l&#8217;Artisanat et des M\u00e9tiers, M. Mohamed Malainine Ould Eyih, a re\u00e7u, lundi \u00e0 Nouakchott, SEMme Shakila Omutoni, ambassadrice du Rwanda accr\u00e9dit\u00e9e en Mauritanie. La rencontre a port\u00e9 sur les relations bilat\u00e9rales entre la Mauritanie et le Rwanda, notamment dans le domaine de la formation professionnelle, de l&#8217;artisanat et [&hellip;]<\/p>\n","protected":false},"author":10,"featured_media":291319,"comment_status":"open","ping_status":"open","sticky":false,"template":"","format":"standard","meta":{"footnotes":""},"categories":[63918,63957,63959],"tags":[],"class_list":["post-291318","post","type-post","status-publish","format-standard","has-post-thumbnail","hentry","category-autres","category-fil-dactualite","category-mauritanie"],"_links":{"self":[{"href":"https:\/\/ami.mr\/fr\/wp-json\/wp\/v2\/posts\/291318","targetHints":{"allow":["GET"]}}],"collection":[{"href":"https:\/\/ami.mr\/fr\/wp-json\/wp\/v2\/posts"}],"about":[{"href":"https:\/\/ami.mr\/fr\/wp-json\/wp\/v2\/types\/post"}],"author":[{"embeddable":true,"href":"https:\/\/ami.mr\/fr\/wp-json\/wp\/v2\/users\/10"}],"replies":[{"embeddable":true,"href":"https:\/\/ami.mr\/fr\/wp-json\/wp\/v2\/comments?post=291318"}],"version-history":[{"count":3,"href":"https:\/\/ami.mr\/fr\/wp-json\/wp\/v2\/posts\/291318\/revisions"}],"predecessor-version":[{"id":291322,"href":"https:\/\/ami.mr\/fr\/wp-json\/wp\/v2\/posts\/291318\/revisions\/291322"}],"wp:featuredmedia":[{"embeddable":true,"href":"https:\/\/ami.mr\/fr\/wp-json\/wp\/v2\/media\/291319"}],"wp:attachment":[{"href":"https:\/\/ami.mr\/fr\/wp-json\/wp\/v2\/media?parent=291318"}],"wp:term":[{"taxonomy":"category","embeddable":true,"href":"https:\/\/ami.mr\/fr\/wp-json\/wp\/v2\/categories?post=291318"},{"taxonomy":"post_tag","embeddable":true,"href":"https:\/\/ami.mr\/fr\/wp-json\/wp\/v2\/tags?post=291318"}],"curies":[{"name":"wp","href":"https:\/\/api.w.org\/{rel}","templated":true}]}}