{"id":291141,"date":"2026-03-12T20:51:32","date_gmt":"2026-03-12T20:51:32","guid":{"rendered":"https:\/\/ami.mr\/fr\/?p=291141"},"modified":"2026-03-12T20:51:32","modified_gmt":"2026-03-12T20:51:32","slug":"lancement-dune-campagne-de-sensibilisation-aux-droits-des-femmes-dans-la-moughataa-de-mbagne","status":"publish","type":"post","link":"https:\/\/ami.mr\/fr\/archives\/291141","title":{"rendered":"Lancement d&#8217;une campagne de sensibilisation aux droits des femmes dans la moughataa de M&#8217;Bagne"},"content":{"rendered":"<p>Le Hakem de la moughataa de MBagne, M. Mohamed Ould Jeddou, a pr\u00e9sid\u00e9, ce jeudi, l&#8217;ouverture d&#8217;une campagne de sensibilisation aux droits des femmes, organis\u00e9e par l&#8217;organisation &#8220;Darou Angoura&#8221;, dans le cadre des activit\u00e9s de la Semaine nationale de la femme, organis\u00e9e par le Minist\u00e8re de l&#8217;Action sociale, de l&#8217;Enfance et de la Famille.<\/p>\n<p>Le Hakem a soulign\u00e9 dans son discours que l&#8217;autonomisation des femmes constitue un pilier essentiel des politiques publiques, dans le cadre d&#8217;une vision nationale visant \u00e0 renforcer le r\u00f4le de la famille et des femmes, en particulier des jeunes filles, consid\u00e9r\u00e9es comme un investissement dans l&#8217;avenir de la nation, saluant les efforts des hautes autorit\u00e9s du pays dans ce domaine.<\/p>\n<p>L&#8217;\u00e9v\u00e9nement a inclus des interventions soulignant l&#8217;importance de l&#8217;autonomisation des femmes et du renforcement de leur r\u00f4le dans le d\u00e9veloppement, ainsi qu&#8217;une exposition de produits locaux pr\u00e9sent\u00e9e par les femmes de la moughataa, et des conf\u00e9rences abordant l&#8217;importance de la pension alimentaire et des soins aux enfants.<\/p>\n<p>Les activit\u00e9s se sont d\u00e9roul\u00e9es en pr\u00e9sence de l&#8217;adjoint au maire de la commune de M&#8217;Bagne, du repr\u00e9sentant de la direction r\u00e9gionale du Minist\u00e8re de l&#8217;Action sociale, de l&#8217;Enfance et de la Famille dans la wilaya du Brakna, et de la pr\u00e9sidente de l&#8217;organisation, ainsi que des autorit\u00e9s s\u00e9curitaires et militaires de la moughataa.<\/p>\n","protected":false},"excerpt":{"rendered":"<p>Le Hakem de la moughataa de MBagne, M. Mohamed Ould Jeddou, a pr\u00e9sid\u00e9, ce jeudi, l&#8217;ouverture d&#8217;une campagne de sensibilisation aux droits des femmes, organis\u00e9e par l&#8217;organisation &#8220;Darou Angoura&#8221;, dans le cadre des activit\u00e9s de la Semaine nationale de la femme, organis\u00e9e par le Minist\u00e8re de l&#8217;Action sociale, de l&#8217;Enfance et de la Famille. Le [&hellip;]<\/p>\n","protected":false},"author":5,"featured_media":291143,"comment_status":"open","ping_status":"open","sticky":false,"template":"","format":"standard","meta":{"footnotes":""},"categories":[63918,63957,8672],"tags":[],"class_list":["post-291141","post","type-post","status-publish","format-standard","has-post-thumbnail","hentry","category-autres","category-fil-dactualite","category-8672"],"_links":{"self":[{"href":"https:\/\/ami.mr\/fr\/wp-json\/wp\/v2\/posts\/291141","targetHints":{"allow":["GET"]}}],"collection":[{"href":"https:\/\/ami.mr\/fr\/wp-json\/wp\/v2\/posts"}],"about":[{"href":"https:\/\/ami.mr\/fr\/wp-json\/wp\/v2\/types\/post"}],"author":[{"embeddable":true,"href":"https:\/\/ami.mr\/fr\/wp-json\/wp\/v2\/users\/5"}],"replies":[{"embeddable":true,"href":"https:\/\/ami.mr\/fr\/wp-json\/wp\/v2\/comments?post=291141"}],"version-history":[{"count":2,"href":"https:\/\/ami.mr\/fr\/wp-json\/wp\/v2\/posts\/291141\/revisions"}],"predecessor-version":[{"id":291146,"href":"https:\/\/ami.mr\/fr\/wp-json\/wp\/v2\/posts\/291141\/revisions\/291146"}],"wp:featuredmedia":[{"embeddable":true,"href":"https:\/\/ami.mr\/fr\/wp-json\/wp\/v2\/media\/291143"}],"wp:attachment":[{"href":"https:\/\/ami.mr\/fr\/wp-json\/wp\/v2\/media?parent=291141"}],"wp:term":[{"taxonomy":"category","embeddable":true,"href":"https:\/\/ami.mr\/fr\/wp-json\/wp\/v2\/categories?post=291141"},{"taxonomy":"post_tag","embeddable":true,"href":"https:\/\/ami.mr\/fr\/wp-json\/wp\/v2\/tags?post=291141"}],"curies":[{"name":"wp","href":"https:\/\/api.w.org\/{rel}","templated":true}]}}