{"id":290986,"date":"2026-03-10T21:59:31","date_gmt":"2026-03-10T21:59:31","guid":{"rendered":"https:\/\/ami.mr\/fr\/?p=290986"},"modified":"2026-03-10T21:59:31","modified_gmt":"2026-03-10T21:59:31","slug":"organisation-a-chinguitti-dune-journee-de-sensibilisation-aux-droits-des-femmes","status":"publish","type":"post","link":"https:\/\/ami.mr\/fr\/archives\/290986","title":{"rendered":"Organisation \u00e0 Chinguitti d&#8217;une journ\u00e9e de sensibilisation aux droits des femmes"},"content":{"rendered":"<div class=\"row\"><\/div>\n<div class=\"row\">\n<div class=\"cell auto-size\">\n<div class=\"set-border bd-gray padding10 margin10 no-margin-right no-margin-left \" dir=\"ltr\">\n<p>Le hakem de la moughataa de Chinguetti, M. Ba Alioune Abderrahmane, a pr\u00e9sid\u00e9 une journ\u00e9e de sensibilisation aux droits des femmes, organis\u00e9e par l&#8217;Association Chinguetti pour le D\u00e9veloppement, l&#8217;Agriculture et la Lutte contre la Pauvret\u00e9, en coop\u00e9ration avec le minist\u00e8re de l\u2019Action sociale, dans le cadre des activit\u00e9s de la Semaine nationale de la femme.<\/p>\n<p>L&#8217;\u00e9v\u00e9nement a vu l&#8217;organisation d&#8217;une exposition de produits f\u00e9minins au niveau de la moughataa, au cours de laquelle a \u00e9t\u00e9 pass\u00e9e en revue la production des associations f\u00e9minines dans les domaines de l&#8217;industrie alimentaire locale, de la couture et de l&#8217;artisanat traditionnel.<\/p>\n<p>Dans son discours \u00e0 cette occasion, le hakem a salu\u00e9 le r\u00f4le \u00e9minent jou\u00e9 par les femmes de Chinguetti dans la promotion du d\u00e9veloppement local, conform\u00e9ment aux hautes directives de Son Excellence le Pr\u00e9sident de la R\u00e9publique, M. Mohamed Ould Cheikh Al-Ghazouani, visant \u00e0 valoriser la condition de la femme et \u00e0 l&#8217;accompagner pour contribuer efficacement \u00e0 l\u2019\u0153uvre de construction nationale.<\/p>\n<p>Pour sa part, le chef de service de l\u2019Action sociale \u00e0 la direction r\u00e9gionale de l\u2019Action Sociale, de l&#8217;Enfance et de la Famille, M. Moussa Mohammed, a indiqu\u00e9 que l&#8217;organisation de cette journ\u00e9e s&#8217;inscrit dans le cadre de la mise en \u0153uvre de la politique du d\u00e9partement visant l&#8217;autonomisation \u00e9conomique et sociale des femmes.<\/p>\n<p>A son tour, la pr\u00e9sidente de l&#8217;Organisation Chinguetti pour le D\u00e9veloppement, l&#8217;Agriculture et la Lutte contre la Pauvret\u00e9, Mme Fatimetou Mbareck Mahmoud, a exprim\u00e9 ses sinc\u00e8res remerciements aux pouvoirs publics pour leur soutien aux femmes, appelant les filles \u00e0 fr\u00e9quenter les \u00e9coles de formation professionnelle et technique pour acqu\u00e9rir les comp\u00e9tences requises par le march\u00e9 du travail.<\/p>\n<p>La manifestation s&#8217;est d\u00e9roul\u00e9e en pr\u00e9sence du maire adjoint de la municipalit\u00e9 de Chinguetti, du secr\u00e9taire g\u00e9n\u00e9ral de la moughataa et des autorit\u00e9s s\u00e9curitaires.<\/p>\n<\/div>\n<\/div>\n<\/div>\n","protected":false},"excerpt":{"rendered":"<p>Le hakem de la moughataa de Chinguetti, M. Ba Alioune Abderrahmane, a pr\u00e9sid\u00e9 une journ\u00e9e de sensibilisation aux droits des femmes, organis\u00e9e par l&#8217;Association Chinguetti pour le D\u00e9veloppement, l&#8217;Agriculture et la Lutte contre la Pauvret\u00e9, en coop\u00e9ration avec le minist\u00e8re de l\u2019Action sociale, dans le cadre des activit\u00e9s de la Semaine nationale de la femme. [&hellip;]<\/p>\n","protected":false},"author":8,"featured_media":290987,"comment_status":"open","ping_status":"open","sticky":false,"template":"","format":"standard","meta":{"footnotes":""},"categories":[63918,63957],"tags":[],"class_list":["post-290986","post","type-post","status-publish","format-standard","has-post-thumbnail","hentry","category-autres","category-fil-dactualite"],"_links":{"self":[{"href":"https:\/\/ami.mr\/fr\/wp-json\/wp\/v2\/posts\/290986","targetHints":{"allow":["GET"]}}],"collection":[{"href":"https:\/\/ami.mr\/fr\/wp-json\/wp\/v2\/posts"}],"about":[{"href":"https:\/\/ami.mr\/fr\/wp-json\/wp\/v2\/types\/post"}],"author":[{"embeddable":true,"href":"https:\/\/ami.mr\/fr\/wp-json\/wp\/v2\/users\/8"}],"replies":[{"embeddable":true,"href":"https:\/\/ami.mr\/fr\/wp-json\/wp\/v2\/comments?post=290986"}],"version-history":[{"count":1,"href":"https:\/\/ami.mr\/fr\/wp-json\/wp\/v2\/posts\/290986\/revisions"}],"predecessor-version":[{"id":290988,"href":"https:\/\/ami.mr\/fr\/wp-json\/wp\/v2\/posts\/290986\/revisions\/290988"}],"wp:featuredmedia":[{"embeddable":true,"href":"https:\/\/ami.mr\/fr\/wp-json\/wp\/v2\/media\/290987"}],"wp:attachment":[{"href":"https:\/\/ami.mr\/fr\/wp-json\/wp\/v2\/media?parent=290986"}],"wp:term":[{"taxonomy":"category","embeddable":true,"href":"https:\/\/ami.mr\/fr\/wp-json\/wp\/v2\/categories?post=290986"},{"taxonomy":"post_tag","embeddable":true,"href":"https:\/\/ami.mr\/fr\/wp-json\/wp\/v2\/tags?post=290986"}],"curies":[{"name":"wp","href":"https:\/\/api.w.org\/{rel}","templated":true}]}}