{"id":290949,"date":"2026-03-10T18:01:45","date_gmt":"2026-03-10T18:01:45","guid":{"rendered":"https:\/\/ami.mr\/fr\/?p=290949"},"modified":"2026-03-10T18:01:45","modified_gmt":"2026-03-10T18:01:45","slug":"de-legeres-hausses-de-temperatures-sur-lensemble-du-territoire","status":"publish","type":"post","link":"https:\/\/ami.mr\/fr\/archives\/290949","title":{"rendered":"De l\u00e9g\u00e8res hausses de temp\u00e9ratures sur l\u2019ensemble du territoire"},"content":{"rendered":"<div class=\"row\"><\/div>\n<div class=\"row\">\n<div class=\"cell auto-size\">\n<div class=\"set-border bd-gray padding10 margin10 no-margin-right no-margin-left \" dir=\"ltr\">\n<p>la situation g\u00e9n\u00e9rale en Mauritanie sera domin\u00e9e au cours des prochaines 24h par le temps sera caract\u00e9ris\u00e9 par de l\u00e9g\u00e8res hausses de temp\u00e9ratures sur l\u2019ensemble du territoire avec des vents faibles \u00e0 mod\u00e9r\u00e9s de Nord \u00e0 Nord-Est.<\/p>\n<p>La visibilit\u00e9 restera affect\u00e9e \u00e0 r\u00e9duite par sable sur le nord ,l\u2019ouest et le centre du pays avec un ciel peu nuageux \u00e0 nuageux sur ces r\u00e9gions .<\/p>\n<p>Au niveau de la ville de Nouakchott, les vents seront faibles \u00e0 mod\u00e9r\u00e9es de direction nord \u00e0 nord-est avec une l\u00e9g\u00e8re affectation de la visibilit\u00e9 par sable et un ciel sera peu nuageux.<\/p>\n<p>Les pr\u00e9visions maritimes pour les zones c\u00f4ti\u00e8res et au large se caract\u00e9risent au niveau des zones c\u00f4ti\u00e8res et au large, par une mer peu agit\u00e9e le long du littoral, tandis que la houle sera de direction nord-ouest et la hauteur des vagues qui variera de 0.5 \u00e0 2 m\u00e8tres.<\/p>\n<p>(Cap-Blanc : 0.5-1.25 m) \u2013 (Cap-Timiris : 0.5 -1.25 m) \u2013 (N\u2019Diago : 0.5-1.25 m).<\/p>\n<p>Temp\u00e9ratures minimales et maximales pour les prochaines 24 heures<\/p>\n<p>N\u00e9ma \u2026&#8230;&#8230;&#8230;&#8230;&#8230;&#8230;.. 21\/36\u00b0<\/p>\n<p>Timbedra \u2026&#8230;&#8230;&#8230;&#8230;. 20\/37\u00b0<\/p>\n<p>Oualata\u2026\u2026&#8230;&#8230;&#8230;&#8230;&#8230; 19\/34\u00b0<\/p>\n<p>Adel Bagrou\u2026&#8230;&#8230;&#8230; 21\/39\u00b0<\/p>\n<p>Bassiknou\u2026&#8230;&#8230;&#8230;&#8230;.. 20\/37\u00b0<\/p>\n<p>Aioun\u2026&#8230;&#8230;&#8230;&#8230;&#8230;&#8230;&#8230;. 20\/36\u00b0<\/p>\n<p>Tintane\u2026&#8230;&#8230;&#8230;&#8230;&#8230;&#8230;. 22\/37\u00b0<\/p>\n<p>Tamchekett\u2026&#8230;&#8230;&#8230;.. 19\/35\u00b0<\/p>\n<p>Kiffa\u2026\u2026&#8230;&#8230;&#8230;&#8230;&#8230;&#8230;&#8230;. 20\/37\u00b0<\/p>\n<p>Kankoussa&#8230;\u2026&#8230;&#8230;&#8230;. 21\/38\u00b0<\/p>\n<p>Barkewol\u2026\u2026\u2026&#8230;&#8230;&#8230;. 21\/38\u00b0<\/p>\n<p>Ka\u00e9di\u2026\u2026&#8230;&#8230;&#8230;&#8230;&#8230;&#8230;.. 22\/38\u00b0<\/p>\n<p>Monguel\u2026\u2026&#8230;&#8230;&#8230;&#8230;. 22\/38\u00b0<\/p>\n<p>Maghama\u2026\u2026\u2026&#8230;&#8230;.. 23\/39\u00b0<\/p>\n<p>Mbout\u2026\u2026&#8230;&#8230;&#8230;&#8230;&#8230;&#8230; 22\/38\u00b0<\/p>\n<p>Aleg\u2026\u2026\u2026&#8230;&#8230;&#8230;&#8230;&#8230;&#8230;.. 20\/36\u00b0<\/p>\n<p>Maghtalahjar\u2026\u2026\u2026.. 20\/35\u00b0<\/p>\n<p>Mall\u2026\u2026\u2026&#8230;&#8230;&#8230;&#8230;&#8230;&#8230;.. 20\/36\u00b0<\/p>\n<p>Bogh\u00e9\u2026\u2026\u2026\u2026&#8230;&#8230;&#8230;&#8230; 20\/36\u00b0<\/p>\n<p>Rosso\u2026\u2026\u2026\u2026&#8230;&#8230;&#8230;&#8230;.. 18\/36\u00b0<\/p>\n<p>Mederdra&#8230;&#8230;&#8230;&#8230;..\u2026.. 18\/36\u00b0<\/p>\n<p>Boutilimitt\u2026\u2026\u2026\u2026&#8230;.. 19\/35\u00b0<\/p>\n<p>Atar\u2026\u2026\u2026\u2026\u2026\u2026\u2026&#8230;&#8230;. 17\/27\u00b0<\/p>\n<p>Ouadane\u2026\u2026\u2026\u2026&#8230;&#8230;. 15\/26\u00b0<\/p>\n<p>Chinguetti\u2026\u2026\u2026\u2026&#8230;.. 15\/26\u00b0<\/p>\n<p>Aoujeft\u2026\u2026\u2026\u2026&#8230;&#8230;&#8230;.. 18\/31\u00b0<\/p>\n<p>Nouadhibou\u2026\u2026\u2026\u2026. 15\/24\u00b0<\/p>\n<p>Tidjikja\u2026\u2026\u2026&#8230;&#8230;&#8230;&#8230;&#8230;. 18\/32\u00b0<\/p>\n<p>Tichitt\u2026\u2026\u2026\u2026&#8230;&#8230;&#8230;&#8230;.. 18\/33\u00b0<\/p>\n<p>S\u00e9libaby\u2026\u2026\u2026\u2026&#8230;&#8230;&#8230; 23\/39\u00b0<\/p>\n<p>Zouerate\u2026\u2026&#8230;&#8230;&#8230;.\u2026. 12\/24\u00b0<\/p>\n<p>Bir Moghrein\u2026&#8230;\u2026\u2026 11\/25\u00b0<\/p>\n<p>Akjoujt\u2026\u2026\u2026\u2026&#8230;&#8230;&#8230;&#8230; 18\/29\u00b0<\/p>\n<p>Nouakchott\u2026\u2026\u2026\u2026.. 17\/31\u00b0<\/p>\n<\/div>\n<\/div>\n<\/div>\n","protected":false},"excerpt":{"rendered":"<p>la situation g\u00e9n\u00e9rale en Mauritanie sera domin\u00e9e au cours des prochaines 24h par le temps sera caract\u00e9ris\u00e9 par de l\u00e9g\u00e8res hausses de temp\u00e9ratures sur l\u2019ensemble du territoire avec des vents faibles \u00e0 mod\u00e9r\u00e9s de Nord \u00e0 Nord-Est. La visibilit\u00e9 restera affect\u00e9e \u00e0 r\u00e9duite par sable sur le nord ,l\u2019ouest et le centre du pays avec [&hellip;]<\/p>\n","protected":false},"author":8,"featured_media":290950,"comment_status":"open","ping_status":"open","sticky":false,"template":"","format":"standard","meta":{"footnotes":""},"categories":[63918,63957],"tags":[],"class_list":["post-290949","post","type-post","status-publish","format-standard","has-post-thumbnail","hentry","category-autres","category-fil-dactualite"],"_links":{"self":[{"href":"https:\/\/ami.mr\/fr\/wp-json\/wp\/v2\/posts\/290949","targetHints":{"allow":["GET"]}}],"collection":[{"href":"https:\/\/ami.mr\/fr\/wp-json\/wp\/v2\/posts"}],"about":[{"href":"https:\/\/ami.mr\/fr\/wp-json\/wp\/v2\/types\/post"}],"author":[{"embeddable":true,"href":"https:\/\/ami.mr\/fr\/wp-json\/wp\/v2\/users\/8"}],"replies":[{"embeddable":true,"href":"https:\/\/ami.mr\/fr\/wp-json\/wp\/v2\/comments?post=290949"}],"version-history":[{"count":1,"href":"https:\/\/ami.mr\/fr\/wp-json\/wp\/v2\/posts\/290949\/revisions"}],"predecessor-version":[{"id":290951,"href":"https:\/\/ami.mr\/fr\/wp-json\/wp\/v2\/posts\/290949\/revisions\/290951"}],"wp:featuredmedia":[{"embeddable":true,"href":"https:\/\/ami.mr\/fr\/wp-json\/wp\/v2\/media\/290950"}],"wp:attachment":[{"href":"https:\/\/ami.mr\/fr\/wp-json\/wp\/v2\/media?parent=290949"}],"wp:term":[{"taxonomy":"category","embeddable":true,"href":"https:\/\/ami.mr\/fr\/wp-json\/wp\/v2\/categories?post=290949"},{"taxonomy":"post_tag","embeddable":true,"href":"https:\/\/ami.mr\/fr\/wp-json\/wp\/v2\/tags?post=290949"}],"curies":[{"name":"wp","href":"https:\/\/api.w.org\/{rel}","templated":true}]}}