{"id":290940,"date":"2026-03-10T16:55:48","date_gmt":"2026-03-10T16:55:48","guid":{"rendered":"https:\/\/ami.mr\/fr\/?p=290940"},"modified":"2026-03-10T16:55:48","modified_gmt":"2026-03-10T16:55:48","slug":"le-conseil-superieur-de-la-zakat-lance-la-premiere-operation-institutionnelle-de-distribution-de-la-zakat-en-mauritanie","status":"publish","type":"post","link":"https:\/\/ami.mr\/fr\/archives\/290940","title":{"rendered":"Le Conseil sup\u00e9rieur de la Zakat lance la premi\u00e8re op\u00e9ration institutionnelle de distribution de la Zakat en Mauritanie"},"content":{"rendered":"<p>Le ministre des Affaires islamiques et de l&#8217;Enseignement originel, M. El Fadel Ould Sidati Ould Ahmed Louly, a supervis\u00e9, mardi \u00e0 Nouakchott, le lancement de la premi\u00e8re op\u00e9ration institutionnelle de distribution de la Zakat en Mauritanie.<\/p>\n<p>Cette op\u00e9ration est organis\u00e9e pour l&#8217;ann\u00e9e 2026 par le Conseil sup\u00e9rieur de la Zakat, dans le but de distribuer la zakat de mani\u00e8re institutionnelle et organis\u00e9e, afin de garantir que l&#8217;aide parvienne \u00e0 ceux qui y ont droit, selon des crit\u00e8res clairs de transparence et d&#8217;efficacit\u00e9.<\/p>\n<p>Dans son discours \u00e0 cette occasion, le ministre a soulign\u00e9 que cette initiative s&#8217;inscrit dans la vision strat\u00e9gique de l&#8217;\u00c9tat, dont les fondements ont \u00e9t\u00e9 pos\u00e9s par Son Excellence le Pr\u00e9sident de la R\u00e9publique, Monsieur Mohamed Ould Cheikh El Ghazouani, qui a fait de la prise en charge des couches d\u00e9favoris\u00e9es et du renforcement de l&#8217;esprit de solidarit\u00e9 nationale les priorit\u00e9s de son programme ; ce que le gouvernement du le Premier ministre, M. Mokhtar Ould Djay, s&#8217;att\u00e8le \u00e0 traduire dans les faits en d\u00e9veloppant le travail institutionnel et les m\u00e9canismes de distribution.<\/p>\n<p>Il a ajout\u00e9 que cette mesure repr\u00e9sente un tournant qualitatif dans l&#8217;action solidaire en Mauritanie, car elle permettait d&#8217;organiser et de g\u00e9rer toutes les ressources de la zakat par l&#8217;interm\u00e9diaire du Conseil sup\u00e9rieur de la zakat, ce qui renforce l&#8217;efficacit\u00e9 du ciblage et garantit que l&#8217;aide parvienne \u00e0 ceux qui en ont besoin.<\/p>\n<p>Pour sa part, le pr\u00e9sident du Conseil sup\u00e9rieur de la zakat, M. Talib Khyar Ould Mamine, a indiqu\u00e9 que la cr\u00e9ation du Conseil a redonn\u00e9 \u00e0 l&#8217;\u00c9tat sa responsabilit\u00e9 en mati\u00e8re de perception de la zakat, de supervision de la maison de la zakat et de distribution aux ayants droit, soulignant que la participation des contribuables participe au renforcement de la solidarit\u00e9 sociale et de la compassion entre les membres de la soci\u00e9t\u00e9. La zakat est \u00e9galement consid\u00e9r\u00e9e comme un moteur \u00e9conomique important qui contribue \u00e0 stimuler le d\u00e9veloppement, a-t-il fait remarquer.<\/p>\n<p>Pour sa part, le pr\u00e9sident de l&#8217;Union nationale du Patronat mauritanien, M. Mohamed Zine El Abidine Ould Cheikh Ahmed, a soulign\u00e9 que les fonds de la zakat, lorsqu&#8217;ils parviennent \u00e0 leurs b\u00e9n\u00e9ficiaires, constituent un moteur pour l&#8217;\u00e9conomie, car ils augmentent le pouvoir d&#8217;achat des cat\u00e9gories d\u00e9favoris\u00e9es, r\u00e9duisent la pauvret\u00e9 et cr\u00e9ent un \u00e9quilibre social.<\/p>\n<p>La c\u00e9r\u00e9monie de lancement de l&#8217;op\u00e9ration a \u00e9t\u00e9 suivie par Son Excellence la ministre du Travail social, de l&#8217;Enfance et de la Famille, Mme Safia Mint N\u2019tahah, le conseiller du Premier ministre charg\u00e9 des affaires islamiques, le secr\u00e9taire g\u00e9n\u00e9ral du minist\u00e8re des Affaires islamiques et de l&#8217;Enseignement original, le hakem mou\u00e7aid de Nouakchott Ouest, ainsi qu&#8217;un certain nombre de d\u00e9put\u00e9s et de cadres du minist\u00e8re des Affaires islamiques et de l&#8217;Enseignement originel.<\/p>\n","protected":false},"excerpt":{"rendered":"<p>Le ministre des Affaires islamiques et de l&#8217;Enseignement originel, M. El Fadel Ould Sidati Ould Ahmed Louly, a supervis\u00e9, mardi \u00e0 Nouakchott, le lancement de la premi\u00e8re op\u00e9ration institutionnelle de distribution de la Zakat en Mauritanie. Cette op\u00e9ration est organis\u00e9e pour l&#8217;ann\u00e9e 2026 par le Conseil sup\u00e9rieur de la Zakat, dans le but de distribuer [&hellip;]<\/p>\n","protected":false},"author":2,"featured_media":290942,"comment_status":"open","ping_status":"open","sticky":false,"template":"","format":"standard","meta":{"footnotes":""},"categories":[63920,63919,104,63957,63924],"tags":[],"class_list":["post-290940","post","type-post","status-publish","format-standard","has-post-thumbnail","hentry","category-a-la-une","category-choix-du-redacteur","category-104","category-fil-dactualite","category-slider-culture"],"_links":{"self":[{"href":"https:\/\/ami.mr\/fr\/wp-json\/wp\/v2\/posts\/290940","targetHints":{"allow":["GET"]}}],"collection":[{"href":"https:\/\/ami.mr\/fr\/wp-json\/wp\/v2\/posts"}],"about":[{"href":"https:\/\/ami.mr\/fr\/wp-json\/wp\/v2\/types\/post"}],"author":[{"embeddable":true,"href":"https:\/\/ami.mr\/fr\/wp-json\/wp\/v2\/users\/2"}],"replies":[{"embeddable":true,"href":"https:\/\/ami.mr\/fr\/wp-json\/wp\/v2\/comments?post=290940"}],"version-history":[{"count":1,"href":"https:\/\/ami.mr\/fr\/wp-json\/wp\/v2\/posts\/290940\/revisions"}],"predecessor-version":[{"id":290943,"href":"https:\/\/ami.mr\/fr\/wp-json\/wp\/v2\/posts\/290940\/revisions\/290943"}],"wp:featuredmedia":[{"embeddable":true,"href":"https:\/\/ami.mr\/fr\/wp-json\/wp\/v2\/media\/290942"}],"wp:attachment":[{"href":"https:\/\/ami.mr\/fr\/wp-json\/wp\/v2\/media?parent=290940"}],"wp:term":[{"taxonomy":"category","embeddable":true,"href":"https:\/\/ami.mr\/fr\/wp-json\/wp\/v2\/categories?post=290940"},{"taxonomy":"post_tag","embeddable":true,"href":"https:\/\/ami.mr\/fr\/wp-json\/wp\/v2\/tags?post=290940"}],"curies":[{"name":"wp","href":"https:\/\/api.w.org\/{rel}","templated":true}]}}