{"id":290936,"date":"2026-03-10T15:43:22","date_gmt":"2026-03-10T15:43:22","guid":{"rendered":"https:\/\/ami.mr\/fr\/?p=290936"},"modified":"2026-03-10T15:43:22","modified_gmt":"2026-03-10T15:43:22","slug":"organisation-dune-journee-scolaire-consacree-au-droit-a-leducation-des-enfants-handicapes","status":"publish","type":"post","link":"https:\/\/ami.mr\/fr\/archives\/290936","title":{"rendered":"Organisation d&#8217;une journ\u00e9e scolaire consacr\u00e9e au droit \u00e0 l&#8217;\u00e9ducation des enfants handicap\u00e9s"},"content":{"rendered":"<p>Des cours scolaires consacr\u00e9s aux droits de l&#8217;homme ont \u00e9t\u00e9 organis\u00e9s mardi dans tout le pays sous le slogan \u00ab Le droit \u00e0 l&#8217;\u00e9ducation des enfants handicap\u00e9s \u00bb. Ils ont \u00e9t\u00e9 organis\u00e9s par le commissariat aux Droits de l&#8217;Homme, \u00e0 l&#8217;Action humanitaire et aux relations avec la soci\u00e9t\u00e9 civile, en collaboration avec le minist\u00e8re de l&#8217;\u00c9ducation et de la R\u00e9forme du syst\u00e8me \u00e9ducatif.<\/p>\n<p>L&#8217;organisation de ce cours uniforme s&#8217;inscrit dans le cadre des efforts visant \u00e0 ancrer la culture des droits de l&#8217;homme dans le syst\u00e8me \u00e9ducatif et \u00e0 renforcer la pr\u00e9sence de ces valeurs dans les programmes scolaires, afin de contribuer \u00e0 l&#8217;\u00e9ducation de g\u00e9n\u00e9rations conscientes des valeurs de citoyennet\u00e9, de justice et de respect d&#8217;autrui.<\/p>\n<p>Le secr\u00e9taire g\u00e9n\u00e9ral du minist\u00e8re de l&#8217;\u00c9ducation et de la R\u00e9forme du syst\u00e8me \u00e9ducatif, M. Sadvi Sidi Mohamed, accompagn\u00e9 du commissaire adjoint \u00e0 l&#8217;Action humanitaire et aux relations avec la soci\u00e9t\u00e9 civile, M. El-Hadhrami Weddadi Mahmoud, a assist\u00e9 mardi \u00e0 la pr\u00e9sentation du cours unifi\u00e9 \u00e0 l&#8217;\u00e9cole Ely Chandhoura, dans la moughataa de Teyaret, \u00e0 Nouakchott nord.<\/p>\n<p>Le secr\u00e9taire g\u00e9n\u00e9ral du minist\u00e8re de l&#8217;\u00c9ducation et de la R\u00e9forme du syst\u00e8me \u00e9ducatif a indiqu\u00e9, dans un discours prononc\u00e9 \u00e0 cette occasion, que l&#8217;organisation de cette journ\u00e9e vise \u00e0 inculquer une culture d&#8217;acceptation de l&#8217;autre et \u00e0 renforcer les valeurs de solidarit\u00e9 et de coexistence au sein du milieu scolaire, soulignant que cette le\u00e7on commune est dispens\u00e9e au m\u00eame moment et avec le m\u00eame contenu sur tout le territoire national, ce qui renforce chez les \u00e9l\u00e8ves les notions de compr\u00e9hension de l&#8217;autre et de respect de la diff\u00e9rence.<\/p>\n<p>Il a soulign\u00e9 que le handicap, qu&#8217;il soit physique ou mental, repr\u00e9sente un d\u00e9fi, mais ne constitue pas un obstacle \u00e0 l&#8217;apprentissage, au travail ou \u00e0 la cr\u00e9ativit\u00e9, expliquant qu&#8217;une volont\u00e9 forte et un environnement \u00e9ducatif favorable permettent aux personnes handicap\u00e9es de r\u00e9ussir et de transformer les d\u00e9fis en opportunit\u00e9s pour contribuer activement \u00e0 la construction de la soci\u00e9t\u00e9.<\/p>\n<p>Pour sa part, le commissaire adjoint \u00e0 l&#8217;Action humanitaire et aux relations avec la soci\u00e9t\u00e9 civile a fait observer que l&#8217;organisation de cette le\u00e7on est le fruit d&#8217;un accord de coop\u00e9ration entre la Commission et le minist\u00e8re de l&#8217;\u00c9ducation et de la R\u00e9forme du syst\u00e8me \u00e9ducatif, visant \u00e0 int\u00e9grer les principes des droits de l&#8217;homme dans le syst\u00e8me \u00e9ducatif et \u00e0 les ancrer dans la conscience scolaire.<\/p>\n<p>Il a ajout\u00e9 que cette initiative vise \u00e0 familiariser les \u00e9l\u00e8ves avec les concepts des droits de l&#8217;homme et \u00e0 promouvoir les valeurs de justice sociale, de respect d&#8217;autrui et d&#8217;appr\u00e9ciation de la diversit\u00e9 au sein de la soci\u00e9t\u00e9.<\/p>\n<p>Il a a \u00e9galement soulign\u00e9 que cette activit\u00e9 s&#8217;inscrit dans le cadre de la mise en \u0153uvre du programme de Son Excellence le Pr\u00e9sident de la R\u00e9publique, M. Mohamed Ould Cheikh El Ghazouani, visant \u00e0 r\u00e9former le syst\u00e8me \u00e9ducatif et \u00e0 d\u00e9velopper l&#8217;\u00e9cole r\u00e9publicaine afin de garantir la formation de g\u00e9n\u00e9rations capables de contribuer \u00e0 la construction d&#8217;une soci\u00e9t\u00e9 coh\u00e9sive fond\u00e9e sur les valeurs d&#8217;\u00e9galit\u00e9 et de respect mutuel.<\/p>\n<p>Au Tiris Zemmour, le wali, M. Idrissa Demba Kor\u00e9ra, a assist\u00e9 ce matin \u00e0 l&#8217;\u00e9cole Chenaghita \u00e0 Zouerate \u00e0 la le\u00e7on unifi\u00e9e dispens\u00e9e aux \u00e9l\u00e8ves de cinqui\u00e8me ann\u00e9e du primaire dans le cadre des efforts visant \u00e0 ancrer la culture des droits de l&#8217;homme et \u00e0 promouvoir les valeurs d&#8217;inclusion au sein du milieu scolaire.<\/p>\n<p>Le hakem mou\u00e7aid, M. Mohamed Fadel Tour\u00e9, a \u00e9galement assist\u00e9 mardi \u00e0 la le\u00e7on unifi\u00e9e \u00e0 l&#8217;\u00e9cole Sagatar de Kiffa, et a soulign\u00e9 que cette initiative, fruit d&#8217;une collaboration entre le minist\u00e8re de l&#8217;\u00c9ducation et de la R\u00e9forme du syst\u00e8me \u00e9ducatif et le commissariat \u00e0 l&#8217;Action humanitaire et aux relations avec la soci\u00e9t\u00e9 civile, concr\u00e9tise les orientations de Son Excellence le Pr\u00e9sident de la R\u00e9publique, M. Mohamed Ould Cheikh El Ghazouani, visant \u00e0 placer les questions des droits de l&#8217;homme et de l&#8217;\u00e9ducation au c\u0153ur des priorit\u00e9s de l&#8217;\u00c9tat afin de renforcer l&#8217;unit\u00e9 nationale et de consolider la coh\u00e9sion sociale.<\/p>\n","protected":false},"excerpt":{"rendered":"<p>Des cours scolaires consacr\u00e9s aux droits de l&#8217;homme ont \u00e9t\u00e9 organis\u00e9s mardi dans tout le pays sous le slogan \u00ab Le droit \u00e0 l&#8217;\u00e9ducation des enfants handicap\u00e9s \u00bb. Ils ont \u00e9t\u00e9 organis\u00e9s par le commissariat aux Droits de l&#8217;Homme, \u00e0 l&#8217;Action humanitaire et aux relations avec la soci\u00e9t\u00e9 civile, en collaboration avec le minist\u00e8re de [&hellip;]<\/p>\n","protected":false},"author":21,"featured_media":290937,"comment_status":"open","ping_status":"open","sticky":false,"template":"","format":"standard","meta":{"footnotes":""},"categories":[63918,63957,63959],"tags":[],"class_list":["post-290936","post","type-post","status-publish","format-standard","has-post-thumbnail","hentry","category-autres","category-fil-dactualite","category-mauritanie"],"_links":{"self":[{"href":"https:\/\/ami.mr\/fr\/wp-json\/wp\/v2\/posts\/290936","targetHints":{"allow":["GET"]}}],"collection":[{"href":"https:\/\/ami.mr\/fr\/wp-json\/wp\/v2\/posts"}],"about":[{"href":"https:\/\/ami.mr\/fr\/wp-json\/wp\/v2\/types\/post"}],"author":[{"embeddable":true,"href":"https:\/\/ami.mr\/fr\/wp-json\/wp\/v2\/users\/21"}],"replies":[{"embeddable":true,"href":"https:\/\/ami.mr\/fr\/wp-json\/wp\/v2\/comments?post=290936"}],"version-history":[{"count":1,"href":"https:\/\/ami.mr\/fr\/wp-json\/wp\/v2\/posts\/290936\/revisions"}],"predecessor-version":[{"id":290938,"href":"https:\/\/ami.mr\/fr\/wp-json\/wp\/v2\/posts\/290936\/revisions\/290938"}],"wp:featuredmedia":[{"embeddable":true,"href":"https:\/\/ami.mr\/fr\/wp-json\/wp\/v2\/media\/290937"}],"wp:attachment":[{"href":"https:\/\/ami.mr\/fr\/wp-json\/wp\/v2\/media?parent=290936"}],"wp:term":[{"taxonomy":"category","embeddable":true,"href":"https:\/\/ami.mr\/fr\/wp-json\/wp\/v2\/categories?post=290936"},{"taxonomy":"post_tag","embeddable":true,"href":"https:\/\/ami.mr\/fr\/wp-json\/wp\/v2\/tags?post=290936"}],"curies":[{"name":"wp","href":"https:\/\/api.w.org\/{rel}","templated":true}]}}