{"id":290896,"date":"2026-03-09T18:49:04","date_gmt":"2026-03-09T18:49:04","guid":{"rendered":"https:\/\/ami.mr\/fr\/?p=290896"},"modified":"2026-03-09T18:49:04","modified_gmt":"2026-03-09T18:49:04","slug":"le-premier-ministre-preside-la-reunion-du-comite-ministeriel-charge-du-recrutement-de-3000-fonctionnaires-et-agents-contractuels-pour-letat","status":"publish","type":"post","link":"https:\/\/ami.mr\/fr\/archives\/290896","title":{"rendered":"Le Premier ministre pr\u00e9side la r\u00e9union du Comit\u00e9 minist\u00e9riel charg\u00e9 du recrutement de 3000 fonctionnaires et agents contractuels pour l&#8217;\u00c9tat."},"content":{"rendered":"<div class=\"row\"><\/div>\n<div class=\"row\">\n<div class=\"cell auto-size\">\n<div class=\"set-border bd-gray padding10 margin10 no-margin-right no-margin-left \" dir=\"ltr\">\n<p>Le Premier ministre, M. Moctar Ould Djay, a pr\u00e9sid\u00e9, lundi \u00e0 Nouakchott, la r\u00e9union du Comit\u00e9 minist\u00e9riel charg\u00e9 du recrutement de 3000 fonctionnaires et agents contractuels pour l&#8217;\u00c9tat, dans le cadre de la finalisation des pr\u00e9paratifs de cette important \u00e9v\u00e8nement.<\/p>\n<p>Au cours de la r\u00e9union, le Premier ministre a soulign\u00e9 la n\u00e9cessit\u00e9 de respecter strictement les principes de transparence et d&#8217;\u00e9galit\u00e9 des chances \u00e0 toutes les \u00e9tapes du concours, en se conformant pleinement aux proc\u00e9dures l\u00e9gales qui le r\u00e9gissent, concr\u00e9tisant les directives de Son Excellence le Pr\u00e9sident de la R\u00e9publique, Monsieur Mohamed Ould Cheikh El Ghazouani, visant \u00e0 renforcer la confiance dans les m\u00e9canismes de recrutement public et \u00e0 veiller \u00e0 l&#8217;adoption du principe de comp\u00e9tence dans la s\u00e9lection des candidats.<\/p>\n<p>Le Comit\u00e9 minist\u00e9riel a examin\u00e9 le calendrier du concours, le niveau de pr\u00e9paration et de disponibilit\u00e9 du Comit\u00e9 national des concours, prenant connaissance des diff\u00e9rents m\u00e9canismes et proc\u00e9dures adopt\u00e9s pour am\u00e9liorer l&#8217;organisation du concours et renforcer sa transparence.<\/p>\n<p>La r\u00e9union a, \u00e9galement, abord\u00e9 les nouvelles mesures prises pour s\u00e9curiser les diff\u00e9rentes \u00e9tapes du concours, depuis l&#8217;annonce et la r\u00e9ception des dossiers de candidature, en passant par les conditions de d\u00e9roulement des \u00e9preuves et des op\u00e9rations de correction, jusqu&#8217;\u00e0 la proclamation des r\u00e9sultats, en plus du cadre organisationnel du concours.<\/p>\n<p>Cl\u00f4turant la r\u00e9union, le Premier ministre a donn\u00e9 ses instructions pour suivre les diff\u00e9rentes \u00e9tapes de l&#8217;op\u00e9ration et assurer les meilleures conditions organisationnelles et logistiques possibles afin de garantir le d\u00e9roulement du concours dans un environnement appropri\u00e9 refl\u00e9tant un haut niveau de s\u00e9rieux, de transparence et de rigueur.<\/p>\n<\/div>\n<\/div>\n<\/div>\n","protected":false},"excerpt":{"rendered":"<p>Le Premier ministre, M. Moctar Ould Djay, a pr\u00e9sid\u00e9, lundi \u00e0 Nouakchott, la r\u00e9union du Comit\u00e9 minist\u00e9riel charg\u00e9 du recrutement de 3000 fonctionnaires et agents contractuels pour l&#8217;\u00c9tat, dans le cadre de la finalisation des pr\u00e9paratifs de cette important \u00e9v\u00e8nement. Au cours de la r\u00e9union, le Premier ministre a soulign\u00e9 la n\u00e9cessit\u00e9 de respecter strictement [&hellip;]<\/p>\n","protected":false},"author":8,"featured_media":290897,"comment_status":"open","ping_status":"open","sticky":false,"template":"","format":"standard","meta":{"footnotes":""},"categories":[63957,25,63921,63926],"tags":[],"class_list":["post-290896","post","type-post","status-publish","format-standard","has-post-thumbnail","hentry","category-fil-dactualite","category-25","category-slider-afficher","category-slider-general"],"_links":{"self":[{"href":"https:\/\/ami.mr\/fr\/wp-json\/wp\/v2\/posts\/290896","targetHints":{"allow":["GET"]}}],"collection":[{"href":"https:\/\/ami.mr\/fr\/wp-json\/wp\/v2\/posts"}],"about":[{"href":"https:\/\/ami.mr\/fr\/wp-json\/wp\/v2\/types\/post"}],"author":[{"embeddable":true,"href":"https:\/\/ami.mr\/fr\/wp-json\/wp\/v2\/users\/8"}],"replies":[{"embeddable":true,"href":"https:\/\/ami.mr\/fr\/wp-json\/wp\/v2\/comments?post=290896"}],"version-history":[{"count":1,"href":"https:\/\/ami.mr\/fr\/wp-json\/wp\/v2\/posts\/290896\/revisions"}],"predecessor-version":[{"id":290898,"href":"https:\/\/ami.mr\/fr\/wp-json\/wp\/v2\/posts\/290896\/revisions\/290898"}],"wp:featuredmedia":[{"embeddable":true,"href":"https:\/\/ami.mr\/fr\/wp-json\/wp\/v2\/media\/290897"}],"wp:attachment":[{"href":"https:\/\/ami.mr\/fr\/wp-json\/wp\/v2\/media?parent=290896"}],"wp:term":[{"taxonomy":"category","embeddable":true,"href":"https:\/\/ami.mr\/fr\/wp-json\/wp\/v2\/categories?post=290896"},{"taxonomy":"post_tag","embeddable":true,"href":"https:\/\/ami.mr\/fr\/wp-json\/wp\/v2\/tags?post=290896"}],"curies":[{"name":"wp","href":"https:\/\/api.w.org\/{rel}","templated":true}]}}