{"id":290891,"date":"2026-03-09T16:45:40","date_gmt":"2026-03-09T16:45:40","guid":{"rendered":"https:\/\/ami.mr\/fr\/?p=290891"},"modified":"2026-03-09T16:45:40","modified_gmt":"2026-03-09T16:45:40","slug":"les-temperatures-connaitront-une-hausse-sur-lensemble-du-territoire","status":"publish","type":"post","link":"https:\/\/ami.mr\/fr\/archives\/290891","title":{"rendered":"Les temp\u00e9ratures connaitront une hausse sur l\u2019ensemble du territoire"},"content":{"rendered":"<div class=\"row\">\n<div class=\"cell auto-size padding20 no-padding-left no-padding-right no-padding-bottom flex-just-center\">\n<div class=\"bg-green fg-white padding10 margin10 block-shadow-error\"><\/div>\n<\/div>\n<\/div>\n<div class=\"row\">\n<div class=\"cell auto-size\">\n<div class=\"set-border bd-gray padding10 margin10 no-margin-right no-margin-left \" dir=\"ltr\">\n<p>Selon l&#8217;Office national de M\u00e9t\u00e9orologie, la situation g\u00e9n\u00e9rale en Mauritanie sera domin\u00e9e, au cours des prochaines 24h, par des vents faibles \u00e0 mod\u00e9r\u00e9s, de secteur nord \u00e0 nord-est sur l\u2019ensemble du territoire national.<\/p>\n<p>La visibilit\u00e9 sera affect\u00e9e par le sable sur le Dakhlet &#8211; Nouadhibou, l\u2019Inchiri, l\u2019Adrar et le Tagant, tandis que les temp\u00e9ratures connaitront une hausse sur l\u2019ensemble du territoire, sous un ciel peu nuageux \u00e0 nuageux sur l\u2019ouest, le sud et le centre du pays.<\/p>\n<p>Au niveau de la ville de Nouakchott, les vents seront faibles \u00e0 mod\u00e9r\u00e9s de secteur nord \u00e0 nord-est, avec une l\u00e9g\u00e8re hausse des temp\u00e9ratures et un ciel peu nuageux \u00e0 nuageux.<\/p>\n<p>Les zones c\u00f4ti\u00e8res se caract\u00e9riseront par une mer peu agit\u00e9e le long du littoral, tandis que la houle sera de direction nord-ouest et la hauteur des vagues qui variera de 0.5 \u00e0 1.25 m\u00e8tres.<\/p>\n<p>(Cap-Blanc : 0.5-1.25 m) \u2013 (Cap-Timiris : 0.5 -1.25 m) \u2013 (N\u2019Diago : 0.5-1.25 m).<\/p>\n<p>Voici les temp\u00e9ratures minimales et maximales pr\u00e9vues pour les prochaines 24 heures<\/p>\n<p>N\u00e9ma \u2026&#8230;&#8230;&#8230;&#8230;&#8230;&#8230;.. 22\/38\u00b0<\/p>\n<p>Timbedra \u2026&#8230;&#8230;&#8230;&#8230;. 21\/38\u00b0<\/p>\n<p>Oualata\u2026\u2026&#8230;&#8230;&#8230;&#8230;&#8230; 19\/37\u00b0<\/p>\n<p>Adel Bagrou\u2026&#8230;&#8230;&#8230; 22\/40\u00b0<\/p>\n<p>Bassiknou\u2026&#8230;&#8230;&#8230;&#8230;.. 22\/39\u00b0<\/p>\n<p>Aioun\u2026&#8230;&#8230;&#8230;&#8230;&#8230;&#8230;&#8230;. 20\/37\u00b0<\/p>\n<p>Tintane\u2026&#8230;&#8230;&#8230;&#8230;&#8230;&#8230;. 22\/38\u00b0<\/p>\n<p>Tamchekett\u2026&#8230;&#8230;&#8230;.. 21\/37\u00b0<\/p>\n<p>Kiffa\u2026\u2026&#8230;&#8230;&#8230;&#8230;&#8230;&#8230;&#8230;. 20\/38\u00b0<\/p>\n<p>Kankoussa&#8230;\u2026&#8230;&#8230;&#8230;. 22\/39\u00b0<\/p>\n<p>Barkewol\u2026\u2026\u2026&#8230;&#8230;&#8230;. 22\/39\u00b0<\/p>\n<p>Ka\u00e9di\u2026\u2026&#8230;&#8230;&#8230;&#8230;&#8230;&#8230;.. 22\/39\u00b0<\/p>\n<p>Monguel\u2026\u2026&#8230;&#8230;&#8230;&#8230;. 22\/39\u00b0<\/p>\n<p>Maghama\u2026\u2026\u2026&#8230;&#8230;.. 23\/41\u00b0<\/p>\n<p>Mbout\u2026\u2026&#8230;&#8230;&#8230;&#8230;&#8230;&#8230; 22\/39\u00b0<\/p>\n<p>Aleg\u2026\u2026\u2026&#8230;&#8230;&#8230;&#8230;&#8230;&#8230;.. 20\/37\u00b0<\/p>\n<p>Maghtalahjar\u2026\u2026\u2026.. 20\/37\u00b0<\/p>\n<p>Mall\u2026\u2026\u2026&#8230;&#8230;&#8230;&#8230;&#8230;&#8230;.. 20\/37\u00b0<\/p>\n<p>Bogh\u00e9\u2026\u2026\u2026\u2026&#8230;&#8230;&#8230;&#8230; 20\/38\u00b0<\/p>\n<p>Rosso\u2026\u2026\u2026\u2026&#8230;&#8230;&#8230;&#8230;.. 20\/37\u00b0<\/p>\n<p>Mederdra&#8230;&#8230;&#8230;&#8230;..\u2026.. 20\/36\u00b0<\/p>\n<p>Boutilimitt\u2026\u2026\u2026\u2026&#8230;.. 20\/35\u00b0<\/p>\n<p>Atar\u2026\u2026\u2026\u2026\u2026\u2026\u2026&#8230;&#8230;. 16\/31\u00b0<\/p>\n<p>Ouadane\u2026\u2026\u2026\u2026&#8230;&#8230;. 14\/29\u00b0<\/p>\n<p>Chinguetti\u2026\u2026\u2026\u2026&#8230;.. 14\/29\u00b0<\/p>\n<p>Aoujeft\u2026\u2026\u2026\u2026&#8230;&#8230;&#8230;.. 17\/33\u00b0<\/p>\n<p>Nouadhibou\u2026\u2026\u2026\u2026. 16\/26\u00b0<\/p>\n<p>Tidjikja\u2026\u2026\u2026&#8230;&#8230;&#8230;&#8230;&#8230;. 17\/32\u00b0<\/p>\n<p>Tichitt\u2026\u2026\u2026\u2026&#8230;&#8230;&#8230;&#8230;.. 18\/34\u00b0<\/p>\n<p>S\u00e9libaby\u2026\u2026\u2026\u2026&#8230;&#8230;&#8230; 23\/41\u00b0<\/p>\n<p>Zouerate\u2026\u2026&#8230;&#8230;&#8230;.\u2026. 10\/27\u00b0<\/p>\n<p>Bir Moghrein\u2026&#8230;\u2026\u2026 10\/26\u00b0<\/p>\n<p>Akjoujt\u2026\u2026\u2026\u2026&#8230;&#8230;&#8230;&#8230; 18\/33\u00b0<\/p>\n<p>Nouakchott\u2026\u2026\u2026\u2026.. 18\/32\u00b0<\/p>\n<\/div>\n<\/div>\n<\/div>\n","protected":false},"excerpt":{"rendered":"<p>Selon l&#8217;Office national de M\u00e9t\u00e9orologie, la situation g\u00e9n\u00e9rale en Mauritanie sera domin\u00e9e, au cours des prochaines 24h, par des vents faibles \u00e0 mod\u00e9r\u00e9s, de secteur nord \u00e0 nord-est sur l\u2019ensemble du territoire national. La visibilit\u00e9 sera affect\u00e9e par le sable sur le Dakhlet &#8211; Nouadhibou, l\u2019Inchiri, l\u2019Adrar et le Tagant, tandis que les temp\u00e9ratures connaitront [&hellip;]<\/p>\n","protected":false},"author":8,"featured_media":290894,"comment_status":"open","ping_status":"open","sticky":false,"template":"","format":"standard","meta":{"footnotes":""},"categories":[63918,63957],"tags":[],"class_list":["post-290891","post","type-post","status-publish","format-standard","has-post-thumbnail","hentry","category-autres","category-fil-dactualite"],"_links":{"self":[{"href":"https:\/\/ami.mr\/fr\/wp-json\/wp\/v2\/posts\/290891","targetHints":{"allow":["GET"]}}],"collection":[{"href":"https:\/\/ami.mr\/fr\/wp-json\/wp\/v2\/posts"}],"about":[{"href":"https:\/\/ami.mr\/fr\/wp-json\/wp\/v2\/types\/post"}],"author":[{"embeddable":true,"href":"https:\/\/ami.mr\/fr\/wp-json\/wp\/v2\/users\/8"}],"replies":[{"embeddable":true,"href":"https:\/\/ami.mr\/fr\/wp-json\/wp\/v2\/comments?post=290891"}],"version-history":[{"count":1,"href":"https:\/\/ami.mr\/fr\/wp-json\/wp\/v2\/posts\/290891\/revisions"}],"predecessor-version":[{"id":290895,"href":"https:\/\/ami.mr\/fr\/wp-json\/wp\/v2\/posts\/290891\/revisions\/290895"}],"wp:featuredmedia":[{"embeddable":true,"href":"https:\/\/ami.mr\/fr\/wp-json\/wp\/v2\/media\/290894"}],"wp:attachment":[{"href":"https:\/\/ami.mr\/fr\/wp-json\/wp\/v2\/media?parent=290891"}],"wp:term":[{"taxonomy":"category","embeddable":true,"href":"https:\/\/ami.mr\/fr\/wp-json\/wp\/v2\/categories?post=290891"},{"taxonomy":"post_tag","embeddable":true,"href":"https:\/\/ami.mr\/fr\/wp-json\/wp\/v2\/tags?post=290891"}],"curies":[{"name":"wp","href":"https:\/\/api.w.org\/{rel}","templated":true}]}}