{"id":290885,"date":"2026-03-09T15:00:29","date_gmt":"2026-03-09T15:00:29","guid":{"rendered":"https:\/\/ami.mr\/fr\/?p=290885"},"modified":"2026-03-09T15:00:29","modified_gmt":"2026-03-09T15:00:29","slug":"lancement-dun-atelier-de-formation-sur-la-cooperation-judiciaire-internationale-en-matiere-penale","status":"publish","type":"post","link":"https:\/\/ami.mr\/fr\/archives\/290885","title":{"rendered":"Lancement d&#8217;un atelier de formation sur la coop\u00e9ration judiciaire internationale en mati\u00e8re p\u00e9nale"},"content":{"rendered":"<p>D\u00e9marrage, lundi \u00e0 Nouakchott, d\u2019un atelier de formation sp\u00e9cialis\u00e9 sur la coop\u00e9ration judiciaire internationale en mati\u00e8re p\u00e9nale, destin\u00e9 aux juges et aux acteurs de la cha\u00eene p\u00e9nale des cours d&#8217;appel de Nouakchott et de Nouadhibou.<\/p>\n<p>L\u2019atelier, de deux jours, s&#8217;inscrit dans le cadre des efforts visant \u00e0 renforcer les capacit\u00e9s des acteurs de la justice p\u00e9nale et \u00e0 identifier leurs besoins en mati\u00e8re de coop\u00e9ration judiciaire et s\u00e9curitaire, notamment en ce qui concerne la lutte contre la criminalit\u00e9 transnationale organis\u00e9e.<\/p>\n<p>Dans son allocution \u00e0 cette occasion, le secr\u00e9taire g\u00e9n\u00e9ral du minist\u00e8re de la Justice, M. Mohamed Ould Ahmed Aidda, a soulign\u00e9 que \u2018\u2019Son Excellence le Pr\u00e9sident de la R\u00e9publique, Monsieur Mohamed Ould Cheikh El Ghazouani, accorde une attention particuli\u00e8re au renforcement de l&#8217;ind\u00e9pendance de la justice \u00e0 travers, entre autres, l\u2019am\u00e9lioration des comp\u00e9tences des juges et des auxiliaires de justice, leurs conditions professionnelles et mat\u00e9rielles, une orientation que le gouvernement s&#8217;efforce de concr\u00e9tiser et de consolider\u2019\u2019.<\/p>\n<p>Il a expliqu\u00e9 que \u2018\u2019la qualification des ressources humaines constitue un pilier essentiel pour garantir l&#8217;efficacit\u00e9 du syst\u00e8me judiciaire et la protection des droits et des libert\u00e9s\u2019\u2019, soulignant que \u2018\u2019cette orientation s&#8217;est concr\u00e9tis\u00e9e par la cr\u00e9ation de l&#8217;Institut Sup\u00e9rieur de la Magistrature et des Professions Judiciaires, en plus de la mise en place de p\u00f4les judiciaires sp\u00e9cialis\u00e9s dans la lutte contre le terrorisme au niveau du parquet et de l&#8217;instruction, et l&#8217;attribution de la comp\u00e9tence nationale dans les affaires de terrorisme au Tribunal p\u00e9nal de Nouakchott\u2019\u2019.<\/p>\n<p>Le SG a ajout\u00e9 que \u2018\u2019la Mauritanie s&#8217;est engag\u00e9e tr\u00e8s t\u00f4t dans les efforts internationaux visant \u00e0 lutter contre le terrorisme et la criminalit\u00e9 transfrontali\u00e8re en adoptant un syst\u00e8me juridique int\u00e9gr\u00e9 conforme aux conventions internationales, comprenant la promulgation de l\u00e9gislations relatives \u00e0 la lutte contre le terrorisme, l&#8217;extradition des criminels, la lutte contre le blanchiment d&#8217;argent et le financement du terrorisme\u2019\u2019, citant la cr\u00e9ation d&#8217;un bureau sp\u00e9cialis\u00e9 dans la gestion des biens gel\u00e9s et saisis et le recouvrement des avoirs criminels, une mesure visant \u00e0 ass\u00e9cher les sources de la criminalit\u00e9 et \u00e0 priver ses auteurs de b\u00e9n\u00e9ficier des revenus de leurs activit\u00e9s illicites.<\/p>\n<p>Il a pr\u00e9cis\u00e9 que \u2018\u2019l&#8217;ann\u00e9e 2024 a \u00e9t\u00e9 marqu\u00e9e par la cr\u00e9ation d&#8217;une direction de la coop\u00e9ration judiciaire et d&#8217;un bureau de la coop\u00e9ration judiciaire internationale, qui a \u00e9t\u00e9 d\u00e9sign\u00e9 comme autorit\u00e9 centrale en mati\u00e8re de coop\u00e9ration judiciaire internationale, renfor\u00e7ant ainsi la coordination nationale dans la lutte contre le terrorisme et la criminalit\u00e9 transnationale organis\u00e9e\u2019\u2019.<\/p>\n<p>Le programme de l&#8217;atelier comprend plusieurs pr\u00e9sentations sp\u00e9cialis\u00e9es, abordant le th\u00e8me de la coop\u00e9ration judiciaire internationale en mati\u00e8re p\u00e9nale, le r\u00f4le de l&#8217;autorit\u00e9 centrale dans ce domaine, ainsi qu&#8217;un aper\u00e7u des m\u00e9canismes et des acteurs nationaux et internationaux impliqu\u00e9s dans la coop\u00e9ration judiciaire p\u00e9nale.<\/p>\n<p>L&#8217;ouverture de l&#8217;atelier s\u2019est d\u00e9roul\u00e9e en pr\u00e9sence de plusieurs cadres du minist\u00e8re de la Justice.<\/p>\n","protected":false},"excerpt":{"rendered":"<p>D\u00e9marrage, lundi \u00e0 Nouakchott, d\u2019un atelier de formation sp\u00e9cialis\u00e9 sur la coop\u00e9ration judiciaire internationale en mati\u00e8re p\u00e9nale, destin\u00e9 aux juges et aux acteurs de la cha\u00eene p\u00e9nale des cours d&#8217;appel de Nouakchott et de Nouadhibou. L\u2019atelier, de deux jours, s&#8217;inscrit dans le cadre des efforts visant \u00e0 renforcer les capacit\u00e9s des acteurs de la justice [&hellip;]<\/p>\n","protected":false},"author":16,"featured_media":290886,"comment_status":"open","ping_status":"open","sticky":false,"template":"","format":"standard","meta":{"footnotes":""},"categories":[63918,63957,63959],"tags":[],"class_list":["post-290885","post","type-post","status-publish","format-standard","has-post-thumbnail","hentry","category-autres","category-fil-dactualite","category-mauritanie"],"_links":{"self":[{"href":"https:\/\/ami.mr\/fr\/wp-json\/wp\/v2\/posts\/290885","targetHints":{"allow":["GET"]}}],"collection":[{"href":"https:\/\/ami.mr\/fr\/wp-json\/wp\/v2\/posts"}],"about":[{"href":"https:\/\/ami.mr\/fr\/wp-json\/wp\/v2\/types\/post"}],"author":[{"embeddable":true,"href":"https:\/\/ami.mr\/fr\/wp-json\/wp\/v2\/users\/16"}],"replies":[{"embeddable":true,"href":"https:\/\/ami.mr\/fr\/wp-json\/wp\/v2\/comments?post=290885"}],"version-history":[{"count":1,"href":"https:\/\/ami.mr\/fr\/wp-json\/wp\/v2\/posts\/290885\/revisions"}],"predecessor-version":[{"id":290887,"href":"https:\/\/ami.mr\/fr\/wp-json\/wp\/v2\/posts\/290885\/revisions\/290887"}],"wp:featuredmedia":[{"embeddable":true,"href":"https:\/\/ami.mr\/fr\/wp-json\/wp\/v2\/media\/290886"}],"wp:attachment":[{"href":"https:\/\/ami.mr\/fr\/wp-json\/wp\/v2\/media?parent=290885"}],"wp:term":[{"taxonomy":"category","embeddable":true,"href":"https:\/\/ami.mr\/fr\/wp-json\/wp\/v2\/categories?post=290885"},{"taxonomy":"post_tag","embeddable":true,"href":"https:\/\/ami.mr\/fr\/wp-json\/wp\/v2\/tags?post=290885"}],"curies":[{"name":"wp","href":"https:\/\/api.w.org\/{rel}","templated":true}]}}