{"id":290878,"date":"2026-03-09T14:13:04","date_gmt":"2026-03-09T14:13:04","guid":{"rendered":"https:\/\/ami.mr\/fr\/?p=290878"},"modified":"2026-03-09T14:13:04","modified_gmt":"2026-03-09T14:13:04","slug":"le-haut-conseil-de-leducation-lance-sa-saison-de-reflexion-pour-lannee-2026","status":"publish","type":"post","link":"https:\/\/ami.mr\/fr\/archives\/290878","title":{"rendered":"Le Haut Conseil de l&#8217;\u00c9ducation lance sa saison de r\u00e9flexion pour l&#8217;ann\u00e9e 2026"},"content":{"rendered":"<p>Le Haut Conseil de l&#8217;\u00c9ducation a lanc\u00e9, undi \u00e0 Nouakchott, les travaux de la troisi\u00e8me \u00e9dition de sa saison de r\u00e9flexion pour l&#8217;ann\u00e9e 2026, avec la participation d&#8217;experts et de sp\u00e9cialistes des questions \u00e9ducatives.<\/p>\n<p>Cette saison vise \u00e0 discuter des diverses probl\u00e9matiques de l&#8217;\u00e9ducation et \u00e0 renforcer la pens\u00e9e strat\u00e9gique sur le d\u00e9veloppement du syst\u00e8me \u00e9ducatif, \u00e0 travers l&#8217;\u00e9change de vues entre experts et acteurs de l&#8217;\u00e9ducation et de la recherche scientifique.<\/p>\n<p>Le programme comprend une s\u00e9rie de pr\u00e9sentations portant sur le cadre de r\u00e9f\u00e9rence pour le suivi et l&#8217;\u00e9valuation, une proposition de matrice d&#8217;indicateurs, ainsi que des m\u00e9canismes pour renforcer la coordination et l&#8217;\u00e9change d&#8217;informations entre les secteurs du syst\u00e8me \u00e9ducatif.<\/p>\n<p>Trois ateliers techniques seront organis\u00e9s au cours du mois en cours, avec la participation d&#8217;experts \u00e9trangers, concernant l&#8217;\u00e9laboration d&#8217;un syst\u00e8me de suivi et d&#8217;\u00e9valuation, la d\u00e9finition du cadre institutionnel et organisationnel de l&#8217;\u00e9ducation pr\u00e9scolaire, et la mise au point de l&#8217;approche m\u00e9thodologique pour l&#8217;\u00e9laboration des avis juridiques et techniques du Conseil.<\/p>\n<p>Dans un discours prononc\u00e9 \u00e0 cette occasion, le pr\u00e9sident du Conseil, M. Brahim Vall Ould Mohamed Lemine, a soulign\u00e9 que \u2018\u2019la saison de r\u00e9flexion est devenue un espace pour attirer les experts et les chercheurs dans le domaine \u00e9ducatif, renfor\u00e7ant ainsi le r\u00f4le du Conseil en tant que centre d&#8217;expertise pour soutenir la r\u00e9forme \u00e9ducative, consolider les valeurs de l&#8217;\u00e9cole r\u00e9publicaine et faciliter l&#8217;acc\u00e8s \u00e0 une \u00e9ducation de qualit\u00e9, conform\u00e9ment aux directives de Son Excellence le Pr\u00e9sident de la R\u00e9publique, M. Mohamed Ould Cheikh El Ghazouani\u2019\u2019.<\/p>\n<p>Il a indiqu\u00e9 que son institutionl travaille \u00e0 l&#8217;\u00e9laboration d&#8217;un plan strat\u00e9gique pour la p\u00e9riode 2026-2030, et d&#8217;un autre pour la formation, en plus de mener des \u00e9tudes strat\u00e9giques sur la gouvernance du syst\u00e8me \u00e9ducatif et le co\u00fbt total de la r\u00e9forme \u00e0 l&#8217;horizon 2030.<\/p>\n<p>L&#8217;ouverture de la saison s&#8217;est d\u00e9roul\u00e9e en pr\u00e9sence du secr\u00e9taire g\u00e9n\u00e9ral du Conseil, M. Mahfoudh Ould Agatt, au c\u00f4t\u00e9 des membres du Conseil, d&#8217;experts et de sp\u00e9cialistes du domaine \u00e9ducatif.<\/p>\n","protected":false},"excerpt":{"rendered":"<p>Le Haut Conseil de l&#8217;\u00c9ducation a lanc\u00e9, undi \u00e0 Nouakchott, les travaux de la troisi\u00e8me \u00e9dition de sa saison de r\u00e9flexion pour l&#8217;ann\u00e9e 2026, avec la participation d&#8217;experts et de sp\u00e9cialistes des questions \u00e9ducatives. Cette saison vise \u00e0 discuter des diverses probl\u00e9matiques de l&#8217;\u00e9ducation et \u00e0 renforcer la pens\u00e9e strat\u00e9gique sur le d\u00e9veloppement du syst\u00e8me [&hellip;]<\/p>\n","protected":false},"author":16,"featured_media":290879,"comment_status":"open","ping_status":"open","sticky":false,"template":"","format":"standard","meta":{"footnotes":""},"categories":[63918,63957,63959],"tags":[],"class_list":["post-290878","post","type-post","status-publish","format-standard","has-post-thumbnail","hentry","category-autres","category-fil-dactualite","category-mauritanie"],"_links":{"self":[{"href":"https:\/\/ami.mr\/fr\/wp-json\/wp\/v2\/posts\/290878","targetHints":{"allow":["GET"]}}],"collection":[{"href":"https:\/\/ami.mr\/fr\/wp-json\/wp\/v2\/posts"}],"about":[{"href":"https:\/\/ami.mr\/fr\/wp-json\/wp\/v2\/types\/post"}],"author":[{"embeddable":true,"href":"https:\/\/ami.mr\/fr\/wp-json\/wp\/v2\/users\/16"}],"replies":[{"embeddable":true,"href":"https:\/\/ami.mr\/fr\/wp-json\/wp\/v2\/comments?post=290878"}],"version-history":[{"count":2,"href":"https:\/\/ami.mr\/fr\/wp-json\/wp\/v2\/posts\/290878\/revisions"}],"predecessor-version":[{"id":290881,"href":"https:\/\/ami.mr\/fr\/wp-json\/wp\/v2\/posts\/290878\/revisions\/290881"}],"wp:featuredmedia":[{"embeddable":true,"href":"https:\/\/ami.mr\/fr\/wp-json\/wp\/v2\/media\/290879"}],"wp:attachment":[{"href":"https:\/\/ami.mr\/fr\/wp-json\/wp\/v2\/media?parent=290878"}],"wp:term":[{"taxonomy":"category","embeddable":true,"href":"https:\/\/ami.mr\/fr\/wp-json\/wp\/v2\/categories?post=290878"},{"taxonomy":"post_tag","embeddable":true,"href":"https:\/\/ami.mr\/fr\/wp-json\/wp\/v2\/tags?post=290878"}],"curies":[{"name":"wp","href":"https:\/\/api.w.org\/{rel}","templated":true}]}}