{"id":290856,"date":"2026-03-09T02:20:43","date_gmt":"2026-03-09T02:20:43","guid":{"rendered":"https:\/\/ami.mr\/fr\/?p=290856"},"modified":"2026-03-09T02:22:46","modified_gmt":"2026-03-09T02:22:46","slug":"la-premiere-dame-supervise-la-ceremonie-de-commemoration-de-la-journee-internationale-de-la-femme","status":"publish","type":"post","link":"https:\/\/ami.mr\/fr\/archives\/290856","title":{"rendered":"La Premi\u00e8re Dame supervise la c\u00e9r\u00e9monie de comm\u00e9moration de la Journ\u00e9e internationale de la femme"},"content":{"rendered":"<p>La Premi\u00e8re Dame, Dr Mariem Mohamed Fadel Dah, accompagn\u00e9e de la Ministre du Travail social, de l&#8217;Enfance et de la Famille, Mme Safia Bint Antaha, a supervis\u00e9, dimanche soir \u00e0 Nouakchott, la c\u00e9r\u00e9monie de comm\u00e9moration de la Journ\u00e9e internationale de la femme, c\u00e9l\u00e9br\u00e9e cette ann\u00e9e sous le th\u00e8me: \u00abDroits, \u00e9quit\u00e9 et travail pour toutes les femmes et les filles\u00bb.<br \/>\nCet \u00e9v\u00e9nement vise \u00e0 mettre en valeur la place des femmes mauritaniennes et \u00e0 valoriser leurs contributions \u00e0 la construction de la soci\u00e9t\u00e9 et au soutien du processus de d\u00e9veloppement national.<br \/>\nDans son discours, la ministre du Travail social, de l&#8217;Enfance et de la Famille a salu\u00e9 le r\u00f4le jou\u00e9 par la Premi\u00e8re Dame \u00e0 travers ses initiatives visant \u00e0 soutenir les femmes mauritaniennes, \u00e0 d\u00e9fendre leurs causes et \u00e0 renforcer leur pr\u00e9sence dans diff\u00e9rents domaines du d\u00e9veloppement.<br \/>\nElle a soulign\u00e9 que l&#8217;autonomisation des femmes d\u00e9passe aujourd&#8217;hui les cadres traditionnels pour s&#8217;\u00e9tendre \u00e0 l&#8217;espace num\u00e9rique, en mentionnant le lancement de la plateforme num\u00e9rique \u00ab Mauritaniennes \u00bb, qui vise \u00e0 faire conna\u00eetre les contributions des femmes mauritaniennes et \u00e0 mettre en avant leurs exp\u00e9riences inspirantes.<br \/>\nElle a ajout\u00e9 que cette occasion est \u00e9galement l&#8217;occasion de rendre hommage \u00e0 un certain nombre de personnalit\u00e9s f\u00e9minines exceptionnelles, ainsi que de lancer un nouveau m\u00e9canisme adopt\u00e9 cette ann\u00e9e par le secteur pour honorer les femmes dans leur milieu de travail ou au sein de leur famille, en reconnaissance de leur d\u00e9vouement et de leur contribution au service de la communaut\u00e9.<br \/>\nLa ministre a \u00e9galement annonc\u00e9 le lancement de l&#8217;initiative \u00ab Semaine nationale de la femme \u00bb, qui permettra aux diff\u00e9rentes moughataas du pays d&#8217;organiser des \u00e9v\u00e9nements comm\u00e9moratifs sous le haut patronage de la Premi\u00e8re Dame.<br \/>\nLe programme de la c\u00e9r\u00e9monie comprend la projection d&#8217;un film documentaire retra\u00e7ant les principales avanc\u00e9es r\u00e9alis\u00e9es en faveur des femmes au cours des derni\u00e8res ann\u00e9es, ainsi qu&#8217;une repr\u00e9sentation th\u00e9\u00e2trale illustrant le r\u00f4le central que jouent les femmes dans l&#8217;\u00e9ducation des g\u00e9n\u00e9rations futures et la cr\u00e9ation d&#8217;un environnement s\u00fbr leur garantissant une vie digne.<br \/>\nLa c\u00e9r\u00e9monie s&#8217;est d\u00e9roul\u00e9e en pr\u00e9sence de la ministre conseill\u00e8re \u00e0 la Pr\u00e9sidence de la R\u00e9publique Mme Aissata Yahya Ba, de la ministre de la Fonction publique et du Travail, Mme Mariem Mint Beidiel Ould Houmeid, de la ministre du Commerce et du Tourisme, Mme Zineb Mint Ahmednah, de la ministre du l\u2019Habitat, de l&#8217;Urbanisme et de l\u2019Am\u00e9nagement du Territoire, Mme Naha Bint Hamdi Ould Meknass, de la commissaire \u00e0 la S\u00e9curit\u00e9 alimentaire, Mme Fatimetou Mint Mahfoudh Ould Khattry, du secr\u00e9taire g\u00e9n\u00e9ral du minist\u00e8re du l\u2019Action sociale, de l&#8217;Enfance et de la Famille, le wali de Nouakchott-Ouest, le hakem de Tevragh Zeina, le vice-pr\u00e9sident de la R\u00e9gion de Nouakchott, le maire de Tevragh-Zeina, les d\u00e9put\u00e9s du d\u00e9partement, ainsi que certains membres du corps diplomatique accr\u00e9dit\u00e9s en Mauritanie.<\/p>\n","protected":false},"excerpt":{"rendered":"<p>La Premi\u00e8re Dame, Dr Mariem Mohamed Fadel Dah, accompagn\u00e9e de la Ministre du Travail social, de l&#8217;Enfance et de la Famille, Mme Safia Bint Antaha, a supervis\u00e9, dimanche soir \u00e0 Nouakchott, la c\u00e9r\u00e9monie de comm\u00e9moration de la Journ\u00e9e internationale de la femme, c\u00e9l\u00e9br\u00e9e cette ann\u00e9e sous le th\u00e8me: \u00abDroits, \u00e9quit\u00e9 et travail pour toutes les [&hellip;]<\/p>\n","protected":false},"author":2,"featured_media":290858,"comment_status":"open","ping_status":"open","sticky":false,"template":"","format":"standard","meta":{"footnotes":""},"categories":[63919,104,63957,63921,63924],"tags":[],"class_list":["post-290856","post","type-post","status-publish","format-standard","has-post-thumbnail","hentry","category-choix-du-redacteur","category-104","category-fil-dactualite","category-slider-afficher","category-slider-culture"],"_links":{"self":[{"href":"https:\/\/ami.mr\/fr\/wp-json\/wp\/v2\/posts\/290856","targetHints":{"allow":["GET"]}}],"collection":[{"href":"https:\/\/ami.mr\/fr\/wp-json\/wp\/v2\/posts"}],"about":[{"href":"https:\/\/ami.mr\/fr\/wp-json\/wp\/v2\/types\/post"}],"author":[{"embeddable":true,"href":"https:\/\/ami.mr\/fr\/wp-json\/wp\/v2\/users\/2"}],"replies":[{"embeddable":true,"href":"https:\/\/ami.mr\/fr\/wp-json\/wp\/v2\/comments?post=290856"}],"version-history":[{"count":1,"href":"https:\/\/ami.mr\/fr\/wp-json\/wp\/v2\/posts\/290856\/revisions"}],"predecessor-version":[{"id":290859,"href":"https:\/\/ami.mr\/fr\/wp-json\/wp\/v2\/posts\/290856\/revisions\/290859"}],"wp:featuredmedia":[{"embeddable":true,"href":"https:\/\/ami.mr\/fr\/wp-json\/wp\/v2\/media\/290858"}],"wp:attachment":[{"href":"https:\/\/ami.mr\/fr\/wp-json\/wp\/v2\/media?parent=290856"}],"wp:term":[{"taxonomy":"category","embeddable":true,"href":"https:\/\/ami.mr\/fr\/wp-json\/wp\/v2\/categories?post=290856"},{"taxonomy":"post_tag","embeddable":true,"href":"https:\/\/ami.mr\/fr\/wp-json\/wp\/v2\/tags?post=290856"}],"curies":[{"name":"wp","href":"https:\/\/api.w.org\/{rel}","templated":true}]}}