{"id":290828,"date":"2026-03-08T13:34:05","date_gmt":"2026-03-08T13:34:05","guid":{"rendered":"https:\/\/ami.mr\/fr\/?p=290828"},"modified":"2026-03-08T13:34:05","modified_gmt":"2026-03-08T13:34:05","slug":"participation-du-ministre-des-affaires-etrangeres-a-la-reunion-ministerielle-de-la-ligue-arabe","status":"publish","type":"post","link":"https:\/\/ami.mr\/fr\/archives\/290828","title":{"rendered":"Participation du ministre des Affaires \u00e9trang\u00e8res \u00e0 la r\u00e9union minist\u00e9rielle de la Ligue arabe"},"content":{"rendered":"<p>Le ministre des Affaires \u00e9trang\u00e8res, de la Coop\u00e9ration africaine et des Mauritaniens de l&#8217;Ext\u00e9rieur Son Excellence Mohamed Salem Ould Merzoug, a particip\u00e9 ce matin, dimanche, par visioconf\u00e9rence, \u00e0 la r\u00e9union extraordinaire du Conseil de la Ligue des \u00c9tats arabes au niveau minist\u00e9riel, consacr\u00e9e aux attaques iraniennes contre les pays arabes.<\/p>\n<p>Dans son allocution, Son Excellence le ministre a affirm\u00e9 que la r\u00e9gion traverse une p\u00e9riode critique en mati\u00e8re de s\u00e9curit\u00e9 nationale, soulignant que la s\u00e9curit\u00e9 nationale arabe est indivisible, suite aux r\u00e9centes attaques qui ont cibl\u00e9 certains pays arabes et viol\u00e9 leur souverainet\u00e9 et leur int\u00e9grit\u00e9 territoriale.<\/p>\n<p>Il a expliqu\u00e9 que ces \u00e9v\u00e9nements exigent des mesures r\u00e9fl\u00e9chies, efficaces et judicieuses, tenant compte des diff\u00e9rents contextes et enjeux li\u00e9s au conflit en cours, afin de garantir la pr\u00e9servation de la s\u00e9curit\u00e9 et de la stabilit\u00e9 des peuples arabes, entra\u00een\u00e9s dans cette guerre.<\/p>\n<p>Son Excellence le ministre a r\u00e9it\u00e9r\u00e9 la ferme condamnation par la Mauritanie des attaques visant le Royaume d&#8217;Arabie saoudite, les \u00c9mirats arabes unis, l&#8217;\u00c9tat du Kowe\u00eft, l&#8217;\u00c9tat du Qatar, le Royaume hach\u00e9mite de Jordanie, la R\u00e9publique d&#8217;Irak, le Sultanat d&#8217;Oman et le Royaume de Bahre\u00efn, affirmant sa solidarit\u00e9 absolue avec ces pays fr\u00e8res face \u00e0 toute tentative de porter atteinte \u00e0 leur souverainet\u00e9 ou de les d\u00e9stabiliser.<\/p>\n<p>Il a soulign\u00e9 que la violation de la souverainet\u00e9 et de l&#8217;int\u00e9grit\u00e9 territoriale de ces pays constitue une attaque directe contre la s\u00e9curit\u00e9 nationale arabe, qui doit \u00eatre contr\u00e9e par les mesures n\u00e9cessaires et d\u00e9cisives. Il a affirm\u00e9 le soutien de la Mauritanie \u00e0 toutes les mesures que prendront les pays vis\u00e9s pour d\u00e9fendre leur s\u00e9curit\u00e9 et leur stabilit\u00e9.<\/p>\n<p>Son Excellence le ministre a insist\u00e9 sur la n\u00e9cessit\u00e9 de mettre un terme \u00e0 ces attaques, qui constituent une violation flagrante des principes du droit international et de la Charte des Nations Unies, et un m\u00e9pris des principes de bon voisinage et des obligations et engagements qu&#8217;ils impliquent.<\/p>\n<p>Il a soulign\u00e9 la n\u00e9cessit\u00e9 d&#8217;une compr\u00e9hension profonde et s\u00e9rieuse des transformations qui s&#8217;op\u00e8rent au sein de l&#8217;ordre mondial, et l&#8217;importance de s&#8217;y adapter en prenant les mesures n\u00e9cessaires pour prot\u00e9ger la s\u00e9curit\u00e9 et les int\u00e9r\u00eats de la nation et renforcer son efficacit\u00e9 au sein d&#8217;un syst\u00e8me international remani\u00e9.<\/p>\n<p>Il a salu\u00e9 les efforts de m\u00e9diation men\u00e9s par le Sultanat d&#8217;Oman et le Qatar pour \u00e9pargner \u00e0 la r\u00e9gion et au monde les horreurs de cette guerre, louant la sagesse et la retenue dont ont fait preuve les parties impliqu\u00e9es face \u00e0 ces attaques inacceptables.<\/p>\n<p>En conclusion, Son Excellence le ministre a affirm\u00e9 le soutien de la Mauritanie \u00e0 toutes les d\u00e9cisions que le Conseil de la Ligue adoptera lors de cette r\u00e9union, et a appel\u00e9 \u00e0 ce que les moyens les plus efficaces soient mis en \u0153uvre pour les appliquer.<\/p>\n","protected":false},"excerpt":{"rendered":"<p>Le ministre des Affaires \u00e9trang\u00e8res, de la Coop\u00e9ration africaine et des Mauritaniens de l&#8217;Ext\u00e9rieur Son Excellence Mohamed Salem Ould Merzoug, a particip\u00e9 ce matin, dimanche, par visioconf\u00e9rence, \u00e0 la r\u00e9union extraordinaire du Conseil de la Ligue des \u00c9tats arabes au niveau minist\u00e9riel, consacr\u00e9e aux attaques iraniennes contre les pays arabes. Dans son allocution, Son Excellence [&hellip;]<\/p>\n","protected":false},"author":21,"featured_media":290829,"comment_status":"open","ping_status":"open","sticky":false,"template":"","format":"standard","meta":{"footnotes":""},"categories":[63918,63957,63959],"tags":[],"class_list":["post-290828","post","type-post","status-publish","format-standard","has-post-thumbnail","hentry","category-autres","category-fil-dactualite","category-mauritanie"],"_links":{"self":[{"href":"https:\/\/ami.mr\/fr\/wp-json\/wp\/v2\/posts\/290828","targetHints":{"allow":["GET"]}}],"collection":[{"href":"https:\/\/ami.mr\/fr\/wp-json\/wp\/v2\/posts"}],"about":[{"href":"https:\/\/ami.mr\/fr\/wp-json\/wp\/v2\/types\/post"}],"author":[{"embeddable":true,"href":"https:\/\/ami.mr\/fr\/wp-json\/wp\/v2\/users\/21"}],"replies":[{"embeddable":true,"href":"https:\/\/ami.mr\/fr\/wp-json\/wp\/v2\/comments?post=290828"}],"version-history":[{"count":1,"href":"https:\/\/ami.mr\/fr\/wp-json\/wp\/v2\/posts\/290828\/revisions"}],"predecessor-version":[{"id":290830,"href":"https:\/\/ami.mr\/fr\/wp-json\/wp\/v2\/posts\/290828\/revisions\/290830"}],"wp:featuredmedia":[{"embeddable":true,"href":"https:\/\/ami.mr\/fr\/wp-json\/wp\/v2\/media\/290829"}],"wp:attachment":[{"href":"https:\/\/ami.mr\/fr\/wp-json\/wp\/v2\/media?parent=290828"}],"wp:term":[{"taxonomy":"category","embeddable":true,"href":"https:\/\/ami.mr\/fr\/wp-json\/wp\/v2\/categories?post=290828"},{"taxonomy":"post_tag","embeddable":true,"href":"https:\/\/ami.mr\/fr\/wp-json\/wp\/v2\/tags?post=290828"}],"curies":[{"name":"wp","href":"https:\/\/api.w.org\/{rel}","templated":true}]}}