{"id":290558,"date":"2026-03-02T20:33:59","date_gmt":"2026-03-02T20:33:59","guid":{"rendered":"https:\/\/ami.mr\/fr\/?p=290558"},"modified":"2026-03-02T20:33:59","modified_gmt":"2026-03-02T20:33:59","slug":"le-president-de-la-republique-sentretient-au-telephone-avec-le-souverain-du-royaume-hachemite-de-jordanie","status":"publish","type":"post","link":"https:\/\/ami.mr\/fr\/archives\/290558","title":{"rendered":"Le Pr\u00e9sident de la R\u00e9publique s&#8217;entretient au t\u00e9l\u00e9phone avec le Souverain du Royaume Hach\u00e9mite de Jordanie"},"content":{"rendered":"<div class=\"row\">\n<div class=\"cell auto-size bd-gray\" dir=\"ltr\"><\/div>\n<\/div>\n<div class=\"row\">\n<div class=\"cell auto-size\">\n<div class=\"set-border bd-gray padding10 margin10 no-margin-right no-margin-left \" dir=\"ltr\">\n<p>Son Excellence le Pr\u00e9sident de la R\u00e9publique, Monsieur Mohamed Ould Cheikh El Ghazouani, a eu, ce lundi, un entretien t\u00e9l\u00e9phonique avec Sa Majest\u00e9 le Roi Abdallah II Ibn Al Hussein, Souverain du Royaume Hach\u00e9mite fr\u00e8re de Jordanie. Cet appel a \u00e9t\u00e9 consacr\u00e9 \u00e0 l&#8217;examen des d\u00e9veloppements r\u00e9gionaux actuels et \u00e0 l&#8217;\u00e9change de points de vue \u00e0 leur sujet.<\/p>\n<p>Au cours de l&#8217;appel, Son Excellence le Pr\u00e9sident de la R\u00e9publique a affirm\u00e9 l&#8217;attachement de la Mauritanie \u00e0 la s\u00e9curit\u00e9 et \u00e0 la stabilit\u00e9 de la Jordanie, exprimant sa solidarit\u00e9 constante avec le Royaume face aux divers d\u00e9fis, et soulignant l&#8217;importance de privil\u00e9gier le dialogue et la retenue pour \u00e9viter une nouvelle escalade dans la r\u00e9gion.<\/p>\n<p>De son c\u00f4t\u00e9, Sa Majest\u00e9 le Roi a salu\u00e9 ces sentiments fraternels sinc\u00e8res, soulignant la profondeur des relations unissant les deux pays et leur volont\u00e9 commune de poursuivre la coordination et la consultation afin de renforcer la s\u00e9curit\u00e9 et la stabilit\u00e9 et de servir les int\u00e9r\u00eats des deux peuples fr\u00e8res.<\/p>\n<\/div>\n<\/div>\n<\/div>\n","protected":false},"excerpt":{"rendered":"<p>Son Excellence le Pr\u00e9sident de la R\u00e9publique, Monsieur Mohamed Ould Cheikh El Ghazouani, a eu, ce lundi, un entretien t\u00e9l\u00e9phonique avec Sa Majest\u00e9 le Roi Abdallah II Ibn Al Hussein, Souverain du Royaume Hach\u00e9mite fr\u00e8re de Jordanie. Cet appel a \u00e9t\u00e9 consacr\u00e9 \u00e0 l&#8217;examen des d\u00e9veloppements r\u00e9gionaux actuels et \u00e0 l&#8217;\u00e9change de points de vue [&hellip;]<\/p>\n","protected":false},"author":8,"featured_media":290560,"comment_status":"open","ping_status":"open","sticky":false,"template":"","format":"standard","meta":{"footnotes":""},"categories":[63957,25,63921,63926],"tags":[],"class_list":["post-290558","post","type-post","status-publish","format-standard","has-post-thumbnail","hentry","category-fil-dactualite","category-25","category-slider-afficher","category-slider-general"],"_links":{"self":[{"href":"https:\/\/ami.mr\/fr\/wp-json\/wp\/v2\/posts\/290558","targetHints":{"allow":["GET"]}}],"collection":[{"href":"https:\/\/ami.mr\/fr\/wp-json\/wp\/v2\/posts"}],"about":[{"href":"https:\/\/ami.mr\/fr\/wp-json\/wp\/v2\/types\/post"}],"author":[{"embeddable":true,"href":"https:\/\/ami.mr\/fr\/wp-json\/wp\/v2\/users\/8"}],"replies":[{"embeddable":true,"href":"https:\/\/ami.mr\/fr\/wp-json\/wp\/v2\/comments?post=290558"}],"version-history":[{"count":1,"href":"https:\/\/ami.mr\/fr\/wp-json\/wp\/v2\/posts\/290558\/revisions"}],"predecessor-version":[{"id":290561,"href":"https:\/\/ami.mr\/fr\/wp-json\/wp\/v2\/posts\/290558\/revisions\/290561"}],"wp:featuredmedia":[{"embeddable":true,"href":"https:\/\/ami.mr\/fr\/wp-json\/wp\/v2\/media\/290560"}],"wp:attachment":[{"href":"https:\/\/ami.mr\/fr\/wp-json\/wp\/v2\/media?parent=290558"}],"wp:term":[{"taxonomy":"category","embeddable":true,"href":"https:\/\/ami.mr\/fr\/wp-json\/wp\/v2\/categories?post=290558"},{"taxonomy":"post_tag","embeddable":true,"href":"https:\/\/ami.mr\/fr\/wp-json\/wp\/v2\/tags?post=290558"}],"curies":[{"name":"wp","href":"https:\/\/api.w.org\/{rel}","templated":true}]}}