{"id":290555,"date":"2026-03-02T18:56:10","date_gmt":"2026-03-02T18:56:10","guid":{"rendered":"https:\/\/ami.mr\/fr\/?p=290555"},"modified":"2026-03-02T18:56:10","modified_gmt":"2026-03-02T18:56:10","slug":"le-premier-ministre-preside-la-reunion-du-comite-ministeriel-charge-de-la-reforme-des-hopitaux","status":"publish","type":"post","link":"https:\/\/ami.mr\/fr\/archives\/290555","title":{"rendered":"Le Premier ministre pr\u00e9side la r\u00e9union du Comit\u00e9 minist\u00e9riel charg\u00e9 de la r\u00e9forme des h\u00f4pitaux"},"content":{"rendered":"<div class=\"row\"><\/div>\n<div class=\"row\">\n<div class=\"cell auto-size\">\n<div class=\"set-border bd-gray padding10 margin10 no-margin-right no-margin-left \" dir=\"ltr\">\n<p>Le Premier ministre, Monsieur Moctar Ould Djay, a pr\u00e9sid\u00e9, lundi \u00e0 Nouakchott, une r\u00e9union du Comit\u00e9 minist\u00e9riel charg\u00e9 de la r\u00e9forme des h\u00f4pitaux.<\/p>\n<p>Cette r\u00e9union s&#8217;inscrit dans le cadre de la mise en \u0153uvre des directives de Son Excellence le Pr\u00e9sident de la R\u00e9publique, Monsieur Mohamed Ould Cheikh El Ghazouani, visant \u00e0 d\u00e9velopper le syst\u00e8me de sant\u00e9, \u00e0 am\u00e9liorer la qualit\u00e9 des services hospitaliers offerts aux citoyens et \u00e0 \u00e9tablir un syst\u00e8me de sant\u00e9 int\u00e9gr\u00e9.<\/p>\n<p>Au cours de la r\u00e9union, le Comit\u00e9 technique charg\u00e9 du suivi de la mise en \u0153uvre des d\u00e9cisions du Comit\u00e9 minist\u00e9riel a examin\u00e9 l&#8217;\u00e9tat d&#8217;avancement des travaux li\u00e9s aux ressources humaines, les infrastructures, les \u00e9quipements m\u00e9dicaux, la gouvernance, la transformation num\u00e9rique et les contraintes financi\u00e8res pour le d\u00e9veloppement des h\u00f4pitaux, ainsi que l&#8217;\u00e9tat d&#8217;avancement du projet de loi hospitali\u00e8re, examinant la proposition initiale au sujet de la composante sant\u00e9 de la deuxi\u00e8me version du programme d&#8217;urgence pour le d\u00e9veloppement de la ville de Nouakchott.<\/p>\n<p>\u00c0 l\u2019issue de la r\u00e9union, le Premier ministre a donn\u00e9 ses directives sur la n\u00e9cessit\u00e9 de finaliser la r\u00e9daction de la loi hospitali\u00e8re, d&#8217;acc\u00e9l\u00e9rer l&#8217;ach\u00e8vement du syst\u00e8me d&#8217;information pour la gestion des h\u00f4pitaux, et de traiter les probl\u00e8mes li\u00e9s aux ressources humaines en termes d&#8217;\u00e9quilibre entre les h\u00f4pitaux, en mettant l&#8217;accent sur la formation et la r\u00e9gulation de la gestion des h\u00f4pitaux, tout en d\u00e9cidant des r\u00e9unions mensuelles du Comit\u00e9 minist\u00e9riel pour suivre la mise en \u0153uvre effective des d\u00e9cisions.<\/p>\n<p>&nbsp;<\/p>\n<p>&nbsp;<\/p>\n<p>&nbsp;<\/p>\n<p>&nbsp;<\/p>\n<\/div>\n<\/div>\n<\/div>\n","protected":false},"excerpt":{"rendered":"<p>Le Premier ministre, Monsieur Moctar Ould Djay, a pr\u00e9sid\u00e9, lundi \u00e0 Nouakchott, une r\u00e9union du Comit\u00e9 minist\u00e9riel charg\u00e9 de la r\u00e9forme des h\u00f4pitaux. Cette r\u00e9union s&#8217;inscrit dans le cadre de la mise en \u0153uvre des directives de Son Excellence le Pr\u00e9sident de la R\u00e9publique, Monsieur Mohamed Ould Cheikh El Ghazouani, visant \u00e0 d\u00e9velopper le syst\u00e8me [&hellip;]<\/p>\n","protected":false},"author":8,"featured_media":290556,"comment_status":"open","ping_status":"open","sticky":false,"template":"","format":"standard","meta":{"footnotes":""},"categories":[63957,25,63921,63926],"tags":[],"class_list":["post-290555","post","type-post","status-publish","format-standard","has-post-thumbnail","hentry","category-fil-dactualite","category-25","category-slider-afficher","category-slider-general"],"_links":{"self":[{"href":"https:\/\/ami.mr\/fr\/wp-json\/wp\/v2\/posts\/290555","targetHints":{"allow":["GET"]}}],"collection":[{"href":"https:\/\/ami.mr\/fr\/wp-json\/wp\/v2\/posts"}],"about":[{"href":"https:\/\/ami.mr\/fr\/wp-json\/wp\/v2\/types\/post"}],"author":[{"embeddable":true,"href":"https:\/\/ami.mr\/fr\/wp-json\/wp\/v2\/users\/8"}],"replies":[{"embeddable":true,"href":"https:\/\/ami.mr\/fr\/wp-json\/wp\/v2\/comments?post=290555"}],"version-history":[{"count":1,"href":"https:\/\/ami.mr\/fr\/wp-json\/wp\/v2\/posts\/290555\/revisions"}],"predecessor-version":[{"id":290557,"href":"https:\/\/ami.mr\/fr\/wp-json\/wp\/v2\/posts\/290555\/revisions\/290557"}],"wp:featuredmedia":[{"embeddable":true,"href":"https:\/\/ami.mr\/fr\/wp-json\/wp\/v2\/media\/290556"}],"wp:attachment":[{"href":"https:\/\/ami.mr\/fr\/wp-json\/wp\/v2\/media?parent=290555"}],"wp:term":[{"taxonomy":"category","embeddable":true,"href":"https:\/\/ami.mr\/fr\/wp-json\/wp\/v2\/categories?post=290555"},{"taxonomy":"post_tag","embeddable":true,"href":"https:\/\/ami.mr\/fr\/wp-json\/wp\/v2\/tags?post=290555"}],"curies":[{"name":"wp","href":"https:\/\/api.w.org\/{rel}","templated":true}]}}