{"id":290552,"date":"2026-03-02T18:43:57","date_gmt":"2026-03-02T18:43:57","guid":{"rendered":"https:\/\/ami.mr\/fr\/?p=290552"},"modified":"2026-03-02T18:43:57","modified_gmt":"2026-03-02T18:43:57","slug":"le-president-de-la-republique-sentretient-au-telephone-avec-le-president-irakien","status":"publish","type":"post","link":"https:\/\/ami.mr\/fr\/archives\/290552","title":{"rendered":"Le Pr\u00e9sident de la R\u00e9publique s&#8217;entretient au t\u00e9l\u00e9phone avec le Pr\u00e9sident irakien"},"content":{"rendered":"<div class=\"row\">\n<div class=\"cell auto-size bd-gray\" dir=\"ltr\"><\/div>\n<\/div>\n<div class=\"row\">\n<div class=\"cell auto-size\">\n<div class=\"set-border bd-gray padding10 margin10 no-margin-right no-margin-left \" dir=\"ltr\">\n<p>Son Excellence le Pr\u00e9sident de la R\u00e9publique, Monsieur Mohamed Ould Cheikh El Ghazouani, a eu, lundi, un entretien t\u00e9l\u00e9phonique avec Son Excellence le Pr\u00e9sident de la R\u00e9publique d&#8217;Irak, Dr. Abdellatif Rachid, au cours duquel les deux hommes ont discut\u00e9 des derniers d\u00e9veloppements dans la r\u00e9gion et leurs r\u00e9percussions sur la s\u00e9curit\u00e9 et la stabilit\u00e9 r\u00e9gionales.<\/p>\n<p>Au cours de l&#8217;appel, Son Excellence le Pr\u00e9sident de la R\u00e9publique a exprim\u00e9 la pleine solidarit\u00e9 de la Mauritanie avec l&#8217;Irak fr\u00e8re suite aux attaques subies par certaines r\u00e9gions irakiennes, r\u00e9affirmant la condamnation par la Mauritanie de toute agression portant atteinte \u00e0 la souverainet\u00e9 et \u00e0 l&#8217;int\u00e9grit\u00e9 territoriale de l&#8217;Irak, soulignant que sa s\u00e9curit\u00e9 fait partie int\u00e9grante de la s\u00e9curit\u00e9 nationale arabe.<\/p>\n<p>Son Excellence le Pr\u00e9sident de la R\u00e9publique et son homologue irakien ont, \u00e9galement, soulign\u00e9 l&#8217;importance de privil\u00e9gier le dialogue et les moyens diplomatiques, exprimant la n\u00e9cessit\u00e9 de d\u00e9samorcer les tensions actuelles de mani\u00e8re \u00e0 renforcer la s\u00e9curit\u00e9 et la stabilit\u00e9 dans la r\u00e9gion.<\/p>\n<\/div>\n<\/div>\n<\/div>\n","protected":false},"excerpt":{"rendered":"<p>Son Excellence le Pr\u00e9sident de la R\u00e9publique, Monsieur Mohamed Ould Cheikh El Ghazouani, a eu, lundi, un entretien t\u00e9l\u00e9phonique avec Son Excellence le Pr\u00e9sident de la R\u00e9publique d&#8217;Irak, Dr. Abdellatif Rachid, au cours duquel les deux hommes ont discut\u00e9 des derniers d\u00e9veloppements dans la r\u00e9gion et leurs r\u00e9percussions sur la s\u00e9curit\u00e9 et la stabilit\u00e9 r\u00e9gionales. [&hellip;]<\/p>\n","protected":false},"author":8,"featured_media":290553,"comment_status":"open","ping_status":"open","sticky":false,"template":"","format":"standard","meta":{"footnotes":""},"categories":[63957,25,63921,63926],"tags":[],"class_list":["post-290552","post","type-post","status-publish","format-standard","has-post-thumbnail","hentry","category-fil-dactualite","category-25","category-slider-afficher","category-slider-general"],"_links":{"self":[{"href":"https:\/\/ami.mr\/fr\/wp-json\/wp\/v2\/posts\/290552","targetHints":{"allow":["GET"]}}],"collection":[{"href":"https:\/\/ami.mr\/fr\/wp-json\/wp\/v2\/posts"}],"about":[{"href":"https:\/\/ami.mr\/fr\/wp-json\/wp\/v2\/types\/post"}],"author":[{"embeddable":true,"href":"https:\/\/ami.mr\/fr\/wp-json\/wp\/v2\/users\/8"}],"replies":[{"embeddable":true,"href":"https:\/\/ami.mr\/fr\/wp-json\/wp\/v2\/comments?post=290552"}],"version-history":[{"count":1,"href":"https:\/\/ami.mr\/fr\/wp-json\/wp\/v2\/posts\/290552\/revisions"}],"predecessor-version":[{"id":290554,"href":"https:\/\/ami.mr\/fr\/wp-json\/wp\/v2\/posts\/290552\/revisions\/290554"}],"wp:featuredmedia":[{"embeddable":true,"href":"https:\/\/ami.mr\/fr\/wp-json\/wp\/v2\/media\/290553"}],"wp:attachment":[{"href":"https:\/\/ami.mr\/fr\/wp-json\/wp\/v2\/media?parent=290552"}],"wp:term":[{"taxonomy":"category","embeddable":true,"href":"https:\/\/ami.mr\/fr\/wp-json\/wp\/v2\/categories?post=290552"},{"taxonomy":"post_tag","embeddable":true,"href":"https:\/\/ami.mr\/fr\/wp-json\/wp\/v2\/tags?post=290552"}],"curies":[{"name":"wp","href":"https:\/\/api.w.org\/{rel}","templated":true}]}}