{"id":290434,"date":"2026-02-28T16:39:03","date_gmt":"2026-02-28T16:39:03","guid":{"rendered":"https:\/\/ami.mr\/fr\/?p=290434"},"modified":"2026-02-28T16:39:03","modified_gmt":"2026-02-28T16:39:03","slug":"le-ministre-delegue-aupres-du-ministre-de-linterieur-inspecte-lavancement-du-plan-de-proprete-urbaine-dans-les-trois-wilayas-de-nouakchott","status":"publish","type":"post","link":"https:\/\/ami.mr\/fr\/archives\/290434","title":{"rendered":"Le Ministre d\u00e9l\u00e9gu\u00e9 aupr\u00e8s du Ministre de l&#8217;Int\u00e9rieur inspecte l&#8217;avancement du plan de propret\u00e9 urbaine dans les trois wilayas de Nouakchott"},"content":{"rendered":"<p>Le Ministre d\u00e9l\u00e9gu\u00e9 aupr\u00e8s du Ministre de l&#8217;Int\u00e9rieur, de la D\u00e9centralisation et du D\u00e9veloppement Local, charg\u00e9 de la D\u00e9centralisation et du D\u00e9veloppement Local, M. Yacoub Ould Salem Vall, a effectu\u00e9, ce samedi, une visite de terrain dans les trois wilayas de Nouakchott, afin de s&#8217;informer de l&#8217;\u00e9tat d&#8217;avancement des op\u00e9rations de nettoyage men\u00e9es par la soci\u00e9t\u00e9 &#8220;Arma&#8221;, charg\u00e9e par le minist\u00e8re de la propret\u00e9 de la capitale.<\/p>\n<p><img decoding=\"async\" class=\"alignnone  wp-image-290436\" src=\"https:\/\/ami.mr\/fr\/wp-content\/uploads\/2026\/02\/28-02-2026-S00001--300x135.jpg\" alt=\"\" width=\"397\" height=\"179\" srcset=\"https:\/\/ami.mr\/fr\/wp-content\/uploads\/2026\/02\/28-02-2026-S00001--300x135.jpg 300w, https:\/\/ami.mr\/fr\/wp-content\/uploads\/2026\/02\/28-02-2026-S00001--1024x461.jpg 1024w, https:\/\/ami.mr\/fr\/wp-content\/uploads\/2026\/02\/28-02-2026-S00001--768x346.jpg 768w, https:\/\/ami.mr\/fr\/wp-content\/uploads\/2026\/02\/28-02-2026-S00001-.jpg 1400w\" sizes=\"(max-width: 397px) 100vw, 397px\" \/> <img decoding=\"async\" class=\"alignnone  wp-image-290437\" src=\"https:\/\/ami.mr\/fr\/wp-content\/uploads\/2026\/02\/28-02-2026-S00001-1-1-300x135.jpg\" alt=\"\" width=\"366\" height=\"165\" srcset=\"https:\/\/ami.mr\/fr\/wp-content\/uploads\/2026\/02\/28-02-2026-S00001-1-1-300x135.jpg 300w, https:\/\/ami.mr\/fr\/wp-content\/uploads\/2026\/02\/28-02-2026-S00001-1-1-1024x461.jpg 1024w, https:\/\/ami.mr\/fr\/wp-content\/uploads\/2026\/02\/28-02-2026-S00001-1-1-768x346.jpg 768w, https:\/\/ami.mr\/fr\/wp-content\/uploads\/2026\/02\/28-02-2026-S00001-1-1.jpg 1400w\" sizes=\"(max-width: 366px) 100vw, 366px\" \/><\/p>\n<p>La visite visait \u00e0 \u00e9valuer sur le terrain le rythme des travaux, \u00e0 appr\u00e9cier les performances et \u00e0 constater les r\u00e9sultats obtenus dans le cadre du nouveau plan visant \u00e0 renforcer la propret\u00e9 et \u00e0 am\u00e9liorer le paysage urbain de la ville de Nouakchott.<\/p>\n<p>Le ministre a affirm\u00e9, dans une d\u00e9claration faite \u00e0 l&#8217;Agence Mauritanienne d&#8217;Information apr\u00e8s la visite, que les inspections sur le terrain ont montr\u00e9 des progr\u00e8s significatifs dans les travaux, soulignant qu&#8217;il a donn\u00e9 des instructions aux responsables de l&#8217;ex\u00e9cution pour qu&#8217;ils rem\u00e9dient aux lacunes constat\u00e9es et acc\u00e9l\u00e8rent le rythme des travaux afin de garantir la r\u00e9alisation des objectifs fix\u00e9s dans les d\u00e9lais impartis.<\/p>\n<p>Il a soulign\u00e9 que le succ\u00e8s des efforts de l&#8217;\u00c9tat dans ce domaine reste tributaire de l&#8217;engagement des citoyens envers le comportement civique, appelant chacun \u00e0 d\u00e9poser les d\u00e9chets dans les conteneurs pr\u00e9vus \u00e0 cet effet et proches d&#8217;eux, et \u00e0 \u00e9viter de les jeter dans les rues et les lieux publics, afin de pr\u00e9server la propret\u00e9 de la ville et la sant\u00e9 de ses habitants.<\/p>\n<p>Il a expliqu\u00e9 que pr\u00e8s de 620 conteneurs ont \u00e9t\u00e9 distribu\u00e9s jusqu&#8217;\u00e0 pr\u00e9sent, dont des conteneurs d&#8217;une capacit\u00e9 de 6 tonnes et d&#8217;autres d&#8217;une capacit\u00e9 de 16 tonnes, ajoutant que 400 conteneurs suppl\u00e9mentaires sont pr\u00eats et attendent les instructions des autorit\u00e9s administratives pour \u00eatre plac\u00e9s dans les sites les plus n\u00e9cessiteux.<\/p>\n<p>Dans le m\u00eame contexte, il a annonc\u00e9 le projet de cr\u00e9ation de neuf d\u00e9p\u00f4ts temporaires de d\u00e9chets couverts, d&#8217;une superficie d&#8217;environ 100 m\u00e8tres carr\u00e9s chacun, d\u00e9crivant cette initiative comme la premi\u00e8re du genre dans le pays.<\/p>\n<p>Il a indiqu\u00e9 que la soci\u00e9t\u00e9 a entam\u00e9 les proc\u00e9dures d&#8217;appel d&#8217;offres relatives \u00e0 ce projet, et que les offres seront ouvertes le 5 mars prochain.<\/p>\n<p>Il a d\u00e9clar\u00e9 que le secteur du recyclage des d\u00e9chets suscite un int\u00e9r\u00eat croissant, confirmant l&#8217;existence de partenaires int\u00e9ress\u00e9s par l&#8217;investissement dans ce domaine, et que le minist\u00e8re \u00e9tudie les moyens d&#8217;activer cette orientation afin de renforcer la durabilit\u00e9 environnementale et d&#8217;offrir des opportunit\u00e9s \u00e9conomiques prometteuses.<\/p>\n<p>Le Ministre \u00e9tait accompagn\u00e9 lors de cette tourn\u00e9e par des responsables des autorit\u00e9s administratives et s\u00e9curitaires des trois wilayas.<\/p>\n","protected":false},"excerpt":{"rendered":"<p>Le Ministre d\u00e9l\u00e9gu\u00e9 aupr\u00e8s du Ministre de l&#8217;Int\u00e9rieur, de la D\u00e9centralisation et du D\u00e9veloppement Local, charg\u00e9 de la D\u00e9centralisation et du D\u00e9veloppement Local, M. Yacoub Ould Salem Vall, a effectu\u00e9, ce samedi, une visite de terrain dans les trois wilayas de Nouakchott, afin de s&#8217;informer de l&#8217;\u00e9tat d&#8217;avancement des op\u00e9rations de nettoyage men\u00e9es par la [&hellip;]<\/p>\n","protected":false},"author":53,"featured_media":290435,"comment_status":"open","ping_status":"open","sticky":false,"template":"","format":"standard","meta":{"footnotes":""},"categories":[63920,63957,63959,63927],"tags":[],"class_list":["post-290434","post","type-post","status-publish","format-standard","has-post-thumbnail","hentry","category-a-la-une","category-fil-dactualite","category-mauritanie","category-slider-mauritanie"],"_links":{"self":[{"href":"https:\/\/ami.mr\/fr\/wp-json\/wp\/v2\/posts\/290434","targetHints":{"allow":["GET"]}}],"collection":[{"href":"https:\/\/ami.mr\/fr\/wp-json\/wp\/v2\/posts"}],"about":[{"href":"https:\/\/ami.mr\/fr\/wp-json\/wp\/v2\/types\/post"}],"author":[{"embeddable":true,"href":"https:\/\/ami.mr\/fr\/wp-json\/wp\/v2\/users\/53"}],"replies":[{"embeddable":true,"href":"https:\/\/ami.mr\/fr\/wp-json\/wp\/v2\/comments?post=290434"}],"version-history":[{"count":1,"href":"https:\/\/ami.mr\/fr\/wp-json\/wp\/v2\/posts\/290434\/revisions"}],"predecessor-version":[{"id":290438,"href":"https:\/\/ami.mr\/fr\/wp-json\/wp\/v2\/posts\/290434\/revisions\/290438"}],"wp:featuredmedia":[{"embeddable":true,"href":"https:\/\/ami.mr\/fr\/wp-json\/wp\/v2\/media\/290435"}],"wp:attachment":[{"href":"https:\/\/ami.mr\/fr\/wp-json\/wp\/v2\/media?parent=290434"}],"wp:term":[{"taxonomy":"category","embeddable":true,"href":"https:\/\/ami.mr\/fr\/wp-json\/wp\/v2\/categories?post=290434"},{"taxonomy":"post_tag","embeddable":true,"href":"https:\/\/ami.mr\/fr\/wp-json\/wp\/v2\/tags?post=290434"}],"curies":[{"name":"wp","href":"https:\/\/api.w.org\/{rel}","templated":true}]}}