{"id":290431,"date":"2026-02-28T13:28:11","date_gmt":"2026-02-28T13:28:11","guid":{"rendered":"https:\/\/ami.mr\/fr\/?p=290431"},"modified":"2026-02-28T13:28:11","modified_gmt":"2026-02-28T13:28:11","slug":"arrivee-de-106-touristes-europeens-a-atar","status":"publish","type":"post","link":"https:\/\/ami.mr\/fr\/archives\/290431","title":{"rendered":"Arriv\u00e9e de 106 touristes europ\u00e9ens \u00e0 Atar"},"content":{"rendered":"<p>Le 11\u00e8me vol en provenance de France a atterri ce matin, samedi, \u00e0 l&#8217;a\u00e9roport international d&#8217;Atar, transportant 106 touristes europ\u00e9ens de diverses nationalit\u00e9s.<\/p>\n<p>Ce vol s&#8217;inscrit dans le cadre des vols r\u00e9guliers de la saison touristique 2026. M. Cheikh Maalainine Ould Cheikh Saadbouh, directeur r\u00e9gional de l&#8217;Office national du tourisme, a confirm\u00e9 que ce vol contribuera \u00e0 la relance du tourisme local.<\/p>\n<p>Il a pr\u00e9cis\u00e9 que 113 touristes ont \u00e9galement embarqu\u00e9 sur ce le vol retour \u00e0 destination de la France.<\/p>\n","protected":false},"excerpt":{"rendered":"<p>Le 11\u00e8me vol en provenance de France a atterri ce matin, samedi, \u00e0 l&#8217;a\u00e9roport international d&#8217;Atar, transportant 106 touristes europ\u00e9ens de diverses nationalit\u00e9s. Ce vol s&#8217;inscrit dans le cadre des vols r\u00e9guliers de la saison touristique 2026. M. Cheikh Maalainine Ould Cheikh Saadbouh, directeur r\u00e9gional de l&#8217;Office national du tourisme, a confirm\u00e9 que ce vol [&hellip;]<\/p>\n","protected":false},"author":18,"featured_media":290432,"comment_status":"open","ping_status":"open","sticky":false,"template":"","format":"standard","meta":{"footnotes":""},"categories":[63918,63957,8672],"tags":[],"class_list":["post-290431","post","type-post","status-publish","format-standard","has-post-thumbnail","hentry","category-autres","category-fil-dactualite","category-8672"],"_links":{"self":[{"href":"https:\/\/ami.mr\/fr\/wp-json\/wp\/v2\/posts\/290431","targetHints":{"allow":["GET"]}}],"collection":[{"href":"https:\/\/ami.mr\/fr\/wp-json\/wp\/v2\/posts"}],"about":[{"href":"https:\/\/ami.mr\/fr\/wp-json\/wp\/v2\/types\/post"}],"author":[{"embeddable":true,"href":"https:\/\/ami.mr\/fr\/wp-json\/wp\/v2\/users\/18"}],"replies":[{"embeddable":true,"href":"https:\/\/ami.mr\/fr\/wp-json\/wp\/v2\/comments?post=290431"}],"version-history":[{"count":1,"href":"https:\/\/ami.mr\/fr\/wp-json\/wp\/v2\/posts\/290431\/revisions"}],"predecessor-version":[{"id":290433,"href":"https:\/\/ami.mr\/fr\/wp-json\/wp\/v2\/posts\/290431\/revisions\/290433"}],"wp:featuredmedia":[{"embeddable":true,"href":"https:\/\/ami.mr\/fr\/wp-json\/wp\/v2\/media\/290432"}],"wp:attachment":[{"href":"https:\/\/ami.mr\/fr\/wp-json\/wp\/v2\/media?parent=290431"}],"wp:term":[{"taxonomy":"category","embeddable":true,"href":"https:\/\/ami.mr\/fr\/wp-json\/wp\/v2\/categories?post=290431"},{"taxonomy":"post_tag","embeddable":true,"href":"https:\/\/ami.mr\/fr\/wp-json\/wp\/v2\/tags?post=290431"}],"curies":[{"name":"wp","href":"https:\/\/api.w.org\/{rel}","templated":true}]}}