{"id":290428,"date":"2026-02-28T11:09:48","date_gmt":"2026-02-28T11:09:48","guid":{"rendered":"https:\/\/ami.mr\/fr\/?p=290428"},"modified":"2026-02-28T11:09:48","modified_gmt":"2026-02-28T11:09:48","slug":"presentation-des-condoleances-du-president-de-la-republique-a-la-famille-de-fatima-mint-khattrati","status":"publish","type":"post","link":"https:\/\/ami.mr\/fr\/archives\/290428","title":{"rendered":"Pr\u00e9sentation des condol\u00e9ances du Pr\u00e9sident de la R\u00e9publique \u00e0 la famille de Fatima Mint Khattrati"},"content":{"rendered":"<p>Une d\u00e9l\u00e9gation conduite par M. Ahmed Ould Neini, conseiller de la Pr\u00e9sidence de la R\u00e9publique, a pr\u00e9sent\u00e9 vendredi soir \u00e0 Atar, au nom de Son Excellence le Pr\u00e9sident de la R\u00e9publique, M. Mohamed Ould Cheikh El Ghazouani, \u00e0 la famille de Fatima Mint Khattrati, m\u00e8re des enfants de feu El Cheikh Ould Momma.<\/p>\n<p>La d\u00e9l\u00e9gation a transmis les sinc\u00e8res condol\u00e9ances et la profonde compassion du Pr\u00e9sident de la R\u00e9publique \u00e0 la famille de la d\u00e9funte, priant Allah Tout-Puissant de lui accorder Sa mis\u00e9ricorde infinie, de l\u2019accueillir dans Son vaste Paradis et d\u2019apporter r\u00e9confort et patience \u00e0 sa famille.<\/p>\n<p>Pour sa part, le porte-parole de la famille de la d\u00e9funte, M. Momma Ould El Cheikh Ould Momma, a exprim\u00e9 sa profonde gratitude \u00e0 Son Excellence le Pr\u00e9sident de la R\u00e9publique pour ce geste de bienveillance.<\/p>\n<p>La d\u00e9l\u00e9gation comprenait le wali de l&#8217;Adrar, M. Abdallahi Ould Mohamed Mahmoud, le directeur du cabinet du wali, le hakem de la moughataa d&#8217;Atar, le maire de la commune d&#8217;Atar, ainsi que les responsables des forces arm\u00e9es et des services de s\u00e9curit\u00e9 de la wilaya.<\/p>\n","protected":false},"excerpt":{"rendered":"<p>Une d\u00e9l\u00e9gation conduite par M. Ahmed Ould Neini, conseiller de la Pr\u00e9sidence de la R\u00e9publique, a pr\u00e9sent\u00e9 vendredi soir \u00e0 Atar, au nom de Son Excellence le Pr\u00e9sident de la R\u00e9publique, M. Mohamed Ould Cheikh El Ghazouani, \u00e0 la famille de Fatima Mint Khattrati, m\u00e8re des enfants de feu El Cheikh Ould Momma. La d\u00e9l\u00e9gation [&hellip;]<\/p>\n","protected":false},"author":18,"featured_media":290429,"comment_status":"open","ping_status":"open","sticky":false,"template":"","format":"standard","meta":{"footnotes":""},"categories":[63920,63957,8672],"tags":[],"class_list":["post-290428","post","type-post","status-publish","format-standard","has-post-thumbnail","hentry","category-a-la-une","category-fil-dactualite","category-8672"],"_links":{"self":[{"href":"https:\/\/ami.mr\/fr\/wp-json\/wp\/v2\/posts\/290428","targetHints":{"allow":["GET"]}}],"collection":[{"href":"https:\/\/ami.mr\/fr\/wp-json\/wp\/v2\/posts"}],"about":[{"href":"https:\/\/ami.mr\/fr\/wp-json\/wp\/v2\/types\/post"}],"author":[{"embeddable":true,"href":"https:\/\/ami.mr\/fr\/wp-json\/wp\/v2\/users\/18"}],"replies":[{"embeddable":true,"href":"https:\/\/ami.mr\/fr\/wp-json\/wp\/v2\/comments?post=290428"}],"version-history":[{"count":1,"href":"https:\/\/ami.mr\/fr\/wp-json\/wp\/v2\/posts\/290428\/revisions"}],"predecessor-version":[{"id":290430,"href":"https:\/\/ami.mr\/fr\/wp-json\/wp\/v2\/posts\/290428\/revisions\/290430"}],"wp:featuredmedia":[{"embeddable":true,"href":"https:\/\/ami.mr\/fr\/wp-json\/wp\/v2\/media\/290429"}],"wp:attachment":[{"href":"https:\/\/ami.mr\/fr\/wp-json\/wp\/v2\/media?parent=290428"}],"wp:term":[{"taxonomy":"category","embeddable":true,"href":"https:\/\/ami.mr\/fr\/wp-json\/wp\/v2\/categories?post=290428"},{"taxonomy":"post_tag","embeddable":true,"href":"https:\/\/ami.mr\/fr\/wp-json\/wp\/v2\/tags?post=290428"}],"curies":[{"name":"wp","href":"https:\/\/api.w.org\/{rel}","templated":true}]}}