{"id":290110,"date":"2026-02-23T12:29:26","date_gmt":"2026-02-23T12:29:26","guid":{"rendered":"https:\/\/ami.mr\/fr\/?p=290110"},"modified":"2026-02-23T12:29:26","modified_gmt":"2026-02-23T12:29:26","slug":"lancement-de-la-premiere-edition-du-championnat-de-football-en-salle","status":"publish","type":"post","link":"https:\/\/ami.mr\/fr\/archives\/290110","title":{"rendered":"Lancement de la premi\u00e8re \u00e9dition du championnat de football en salle"},"content":{"rendered":"<p>La premi\u00e8re \u00e9dition du championnat de football en salle, organis\u00e9 dans la cadre du mois b\u00e9ni du Ramadan sous le slogan \u00ab Les jeunes d&#8217;aujourd&#8217;hui&#8230; l&#8217;\u00e9lite de demain \u00bb a d\u00e9but\u00e9, hier dimanche soir \u00e0 Zou\u00e9rate.<\/p>\n<p>Le match d&#8217;ouverture de cette \u00e9dition, r\u00e9serv\u00e9 aux lyc\u00e9ens de la ville, a oppos\u00e9 l\u2019\u00e9quipe de la Mohammedia \u00e0 cette de la formation professionnelle. Le match s&#8217;est sold\u00e9 par la victoire de la formation professionnelle par six buts \u00e0 un&#8230;<\/p>\n<p>Dans une d\u00e9claration \u00e0 l&#8217;AMI, le d\u00e9l\u00e9gu\u00e9 r\u00e9gional du minist\u00e8re de l&#8217;autonomisation des jeunes, de l&#8217;emploi, des sports et du service civil, M. Ali Cir\u00e9 Wane a pr\u00e9cis\u00e9 que huit \u00e9quipes issues de diff\u00e9rents lyc\u00e9es de Zou\u00e9rate participent au tournoi, dont les comp\u00e9titions se poursuivront tout au long du mois b\u00e9ni du ramadan. Il a soulign\u00e9 l&#8217;importance du sport dans la promotion de la sant\u00e9 des jeunes et le d\u00e9veloppement de leurs capacit\u00e9s, conform\u00e9ment \u00e0 l&#8217;adage : \u00ab Un esprit sain dans un corps sain \u00bb.<\/p>\n<p>La c\u00e9r\u00e9monie de lancement s&#8217;est d\u00e9roul\u00e9e en pr\u00e9sence du maire mou\u00e7aid de la municipalit\u00e9 de Zou\u00e9rate, M.Salek Ould Eli Tem et du pr\u00e9sident de la ligue r\u00e9gionale de football, M. Mohamed Abdate.<\/p>\n","protected":false},"excerpt":{"rendered":"<p>La premi\u00e8re \u00e9dition du championnat de football en salle, organis\u00e9 dans la cadre du mois b\u00e9ni du Ramadan sous le slogan \u00ab Les jeunes d&#8217;aujourd&#8217;hui&#8230; l&#8217;\u00e9lite de demain \u00bb a d\u00e9but\u00e9, hier dimanche soir \u00e0 Zou\u00e9rate. Le match d&#8217;ouverture de cette \u00e9dition, r\u00e9serv\u00e9 aux lyc\u00e9ens de la ville, a oppos\u00e9 l\u2019\u00e9quipe de la Mohammedia \u00e0 [&hellip;]<\/p>\n","protected":false},"author":18,"featured_media":290111,"comment_status":"open","ping_status":"open","sticky":false,"template":"","format":"standard","meta":{"footnotes":""},"categories":[63918,63957,8672],"tags":[],"class_list":["post-290110","post","type-post","status-publish","format-standard","has-post-thumbnail","hentry","category-autres","category-fil-dactualite","category-8672"],"_links":{"self":[{"href":"https:\/\/ami.mr\/fr\/wp-json\/wp\/v2\/posts\/290110","targetHints":{"allow":["GET"]}}],"collection":[{"href":"https:\/\/ami.mr\/fr\/wp-json\/wp\/v2\/posts"}],"about":[{"href":"https:\/\/ami.mr\/fr\/wp-json\/wp\/v2\/types\/post"}],"author":[{"embeddable":true,"href":"https:\/\/ami.mr\/fr\/wp-json\/wp\/v2\/users\/18"}],"replies":[{"embeddable":true,"href":"https:\/\/ami.mr\/fr\/wp-json\/wp\/v2\/comments?post=290110"}],"version-history":[{"count":1,"href":"https:\/\/ami.mr\/fr\/wp-json\/wp\/v2\/posts\/290110\/revisions"}],"predecessor-version":[{"id":290112,"href":"https:\/\/ami.mr\/fr\/wp-json\/wp\/v2\/posts\/290110\/revisions\/290112"}],"wp:featuredmedia":[{"embeddable":true,"href":"https:\/\/ami.mr\/fr\/wp-json\/wp\/v2\/media\/290111"}],"wp:attachment":[{"href":"https:\/\/ami.mr\/fr\/wp-json\/wp\/v2\/media?parent=290110"}],"wp:term":[{"taxonomy":"category","embeddable":true,"href":"https:\/\/ami.mr\/fr\/wp-json\/wp\/v2\/categories?post=290110"},{"taxonomy":"post_tag","embeddable":true,"href":"https:\/\/ami.mr\/fr\/wp-json\/wp\/v2\/tags?post=290110"}],"curies":[{"name":"wp","href":"https:\/\/api.w.org\/{rel}","templated":true}]}}