{"id":289420,"date":"2026-02-13T14:53:15","date_gmt":"2026-02-13T14:53:15","guid":{"rendered":"https:\/\/ami.mr\/fr\/?p=289420"},"modified":"2026-02-13T15:15:18","modified_gmt":"2026-02-13T15:15:18","slug":"le-president-de-la-republique-quitte-kaedi-pour-nouakchott","status":"publish","type":"post","link":"https:\/\/ami.mr\/fr\/archives\/289420","title":{"rendered":"Le Pr\u00e9sident de la R\u00e9publique quitte Ka\u00e9di pour Nouakchott"},"content":{"rendered":"<div class=\"row\">\n<div class=\"cell auto-size bd-gray\" dir=\"ltr\"><\/div>\n<\/div>\n<div class=\"row\">\n<div class=\"cell auto-size\">\n<div class=\"set-border bd-gray padding10 margin10 no-margin-right no-margin-left \" dir=\"ltr\">\n<p>Son Excellence le Pr\u00e9sident de la R\u00e9publique, Monsieur Mohamed Ould Cheikh El Ghazouani, a quitt\u00e9, aujourd&#8217;hui vendredi \u00e0 midi, la ville de Ka\u00e9di, en direction de Nouakchott, apr\u00e8s une visite d&#8217;information dans la wilaya de Gorgol.<\/p>\n<p>Le Pr\u00e9sident de la R\u00e9publique a \u00e9t\u00e9 salu\u00e9 \u00e0 son d\u00e9part de Ka\u00e9di par le Wali du Gorgol, Monsieur Mohamed El Mokhtar Ould Abdi, le Commandant de la Septi\u00e8me R\u00e9gion Militaire, le Colonel Ammar Ahmedou Hanana, le hakem de la moughataa de Ka\u00e9di, Monsieur Sidina Ould Zein El Abidine, la Vice-pr\u00e9sidente de la R\u00e9gion du Gorgol, Madame Aguila Diko, le maire de la commune de Ka\u00e9di et les d\u00e9put\u00e9s de la moughataa.<\/p>\n<p>Son Excellence le Pr\u00e9sident de la R\u00e9publique \u00e9tait arriv\u00e9 \u00e0 l&#8217;a\u00e9roport de Ka\u00e9di peu avant, en provenance de la ville de Monguel, derni\u00e8re \u00e9tape de sa visite d&#8217;information dans la wilaya de Gorgol.<\/p>\n<\/div>\n<\/div>\n<\/div>\n","protected":false},"excerpt":{"rendered":"<p>Son Excellence le Pr\u00e9sident de la R\u00e9publique, Monsieur Mohamed Ould Cheikh El Ghazouani, a quitt\u00e9, aujourd&#8217;hui vendredi \u00e0 midi, la ville de Ka\u00e9di, en direction de Nouakchott, apr\u00e8s une visite d&#8217;information dans la wilaya de Gorgol. Le Pr\u00e9sident de la R\u00e9publique a \u00e9t\u00e9 salu\u00e9 \u00e0 son d\u00e9part de Ka\u00e9di par le Wali du Gorgol, Monsieur [&hellip;]<\/p>\n","protected":false},"author":8,"featured_media":289421,"comment_status":"open","ping_status":"open","sticky":false,"template":"","format":"standard","meta":{"footnotes":""},"categories":[63957,25,63921,63926],"tags":[],"class_list":["post-289420","post","type-post","status-publish","format-standard","has-post-thumbnail","hentry","category-fil-dactualite","category-25","category-slider-afficher","category-slider-general"],"_links":{"self":[{"href":"https:\/\/ami.mr\/fr\/wp-json\/wp\/v2\/posts\/289420","targetHints":{"allow":["GET"]}}],"collection":[{"href":"https:\/\/ami.mr\/fr\/wp-json\/wp\/v2\/posts"}],"about":[{"href":"https:\/\/ami.mr\/fr\/wp-json\/wp\/v2\/types\/post"}],"author":[{"embeddable":true,"href":"https:\/\/ami.mr\/fr\/wp-json\/wp\/v2\/users\/8"}],"replies":[{"embeddable":true,"href":"https:\/\/ami.mr\/fr\/wp-json\/wp\/v2\/comments?post=289420"}],"version-history":[{"count":2,"href":"https:\/\/ami.mr\/fr\/wp-json\/wp\/v2\/posts\/289420\/revisions"}],"predecessor-version":[{"id":289427,"href":"https:\/\/ami.mr\/fr\/wp-json\/wp\/v2\/posts\/289420\/revisions\/289427"}],"wp:featuredmedia":[{"embeddable":true,"href":"https:\/\/ami.mr\/fr\/wp-json\/wp\/v2\/media\/289421"}],"wp:attachment":[{"href":"https:\/\/ami.mr\/fr\/wp-json\/wp\/v2\/media?parent=289420"}],"wp:term":[{"taxonomy":"category","embeddable":true,"href":"https:\/\/ami.mr\/fr\/wp-json\/wp\/v2\/categories?post=289420"},{"taxonomy":"post_tag","embeddable":true,"href":"https:\/\/ami.mr\/fr\/wp-json\/wp\/v2\/tags?post=289420"}],"curies":[{"name":"wp","href":"https:\/\/api.w.org\/{rel}","templated":true}]}}