{"id":289384,"date":"2026-02-12T23:24:48","date_gmt":"2026-02-12T23:24:48","guid":{"rendered":"https:\/\/ami.mr\/fr\/?p=289384"},"modified":"2026-02-12T23:24:48","modified_gmt":"2026-02-12T23:24:48","slug":"la-directrice-generale-pour-lafrique-au-service-europeen-pour-laction-exterieure-nous-oeuvrons-a-attirer-davantage-dinvestissements-europeens-en-mauritanie","status":"publish","type":"post","link":"https:\/\/ami.mr\/fr\/archives\/289384","title":{"rendered":"La directrice g\u00e9n\u00e9rale pour l&#8217;Afrique au Service europ\u00e9en pour l&#8217;action ext\u00e9rieure : Nous \u0153uvrons \u00e0 attirer davantage d&#8217;investissements europ\u00e9ens en Mauritanie"},"content":{"rendered":"<p>La directrice g\u00e9n\u00e9rale pour l&#8217;Afrique au Service europ\u00e9en pour l&#8217;action ext\u00e9rieure a affirm\u00e9 que l&#8217;UE \u0153uvre \u00e0 attirer davantage d&#8217;investissements europ\u00e9ens en Mauritanie, saluant la qualit\u00e9 du partenariat qui unit les deux parties.<\/p>\n<p>Elle a expliqu\u00e9, lors d&#8217;une conf\u00e9rence de presse jeudi soir, \u00e0 l&#8217;issue de la r\u00e9union p\u00e9riodique du dialogue de partenariat entre la Mauritanie et l&#8217;Union europ\u00e9enne, tenue sous la pr\u00e9sidence du Premier ministre, M. El Moctar Ould Djay, que la rencontre s&#8217;est d\u00e9roul\u00e9e dans une atmosph\u00e8re &#8220;chaleureuse, franche et constructive&#8221;, refl\u00e9tant la solidit\u00e9 des relations bilat\u00e9rales et la profondeur de la coop\u00e9ration existant entre les deux parties.<\/p>\n<p>La directrice g\u00e9n\u00e9rale pour l&#8217;Afrique a ajout\u00e9 que la r\u00e9union, qu&#8217;elle a pr\u00e9sid\u00e9e du c\u00f4t\u00e9 de l&#8217;Union europ\u00e9enne aux c\u00f4t\u00e9s du Directeur charg\u00e9 de l&#8217;Afrique \u00e0 la Direction g\u00e9n\u00e9rale des partenariats internationaux, et en pr\u00e9sence des ambassadeurs des pays de l&#8217;Union europ\u00e9enne accr\u00e9dit\u00e9s en Mauritanie, a abord\u00e9 un certain nombre de questions d&#8217;int\u00e9r\u00eat commun, notamment la s\u00e9curit\u00e9 r\u00e9gionale, la situation humanitaire et le d\u00e9veloppement \u00e9conomique.<\/p>\n<p>Elle a soulign\u00e9 que l&#8217;Union europ\u00e9enne est le premier partenaire commercial de la Mauritanie, mettant en \u00e9vidence un int\u00e9r\u00eat croissant du secteur priv\u00e9 europ\u00e9en \u00e0 investir en Mauritanie, notamment dans les domaines de l&#8217;\u00e9nergie, des infrastructures et de la num\u00e9risation, dans le cadre de l&#8217;initiative &#8220;Global Gateway&#8221;, visant \u00e0 traduire la volont\u00e9 politique en projets de d\u00e9veloppement et de transformation concrets.<\/p>\n<p>Mme Patricia Lombart Cussac a ajout\u00e9 que les domaines de coop\u00e9ration en mati\u00e8re de sant\u00e9, d&#8217;\u00e9ducation et de coh\u00e9sion sociale ont \u00e9t\u00e9 examin\u00e9s, saluant le soutien europ\u00e9en aux efforts de r\u00e9forme men\u00e9s par le gouvernement mauritanien, notamment en ce qui concerne l&#8217;am\u00e9lioration de la qualit\u00e9 de l&#8217;\u00e9ducation et le d\u00e9veloppement du syst\u00e8me de sant\u00e9.<\/p>\n<p>Elle a d\u00e9clar\u00e9 que la r\u00e9union a \u00e9galement abord\u00e9 la coop\u00e9ration dans le domaine de la p\u00eache, dans le contexte des n\u00e9gociations en cours pour le renouvellement du protocole de p\u00eache, en plus des questions de gouvernance, des droits de l&#8217;homme et des droits civils et politiques.<\/p>\n<p>Concernant le contexte international, la responsable europ\u00e9enne a d\u00e9clar\u00e9 que les deux parties ont r\u00e9it\u00e9r\u00e9 leur attachement aux principes de la Charte des Nations Unies, notamment en ce qui concerne l&#8217;int\u00e9grit\u00e9 territoriale et la souverainet\u00e9 et l&#8217;\u00e9galit\u00e9 des \u00c9tats, r\u00e9affirmant leur engagement \u00e0 d\u00e9fendre un ordre international fond\u00e9 sur des r\u00e8gles et \u00e0 promouvoir le multilat\u00e9ralisme.<\/p>\n<p>Au niveau r\u00e9gional, elle a exprim\u00e9 sa pr\u00e9occupation face aux d\u00e9veloppements politiques et s\u00e9curitaires dans la r\u00e9gion du Sahel, saluant les efforts d\u00e9ploy\u00e9s par la Mauritanie pour accueillir les r\u00e9fugi\u00e9s maliens malgr\u00e9 les d\u00e9fis s\u00e9curitaires, et r\u00e9affirmant le soutien continu de l&#8217;Union europ\u00e9enne \u00e0 la Mauritanie face aux d\u00e9fis li\u00e9s \u00e0 la s\u00e9curit\u00e9, \u00e0 la lutte contre le terrorisme et \u00e0 la gestion de la migration.<\/p>\n<p>Mme Patricia Lombart Cussac a \u00e9galement salu\u00e9 l&#8217;initiative de Son Excellence le Pr\u00e9sident de la R\u00e9publique, M. Mohamed Ould Cheikh El Ghazouani, visant \u00e0 organiser un dialogue national inclusif, consid\u00e9rant qu&#8217;elle refl\u00e8te une volont\u00e9 de renforcer le processus d\u00e9mocratique dans le pays.<\/p>\n<p>En conclusion de sa d\u00e9claration, la directrice g\u00e9n\u00e9rale pour l&#8217;Afrique au Service europ\u00e9en pour l&#8217;action ext\u00e9rieure a r\u00e9affirm\u00e9 l&#8217;engagement de l&#8217;Union europ\u00e9enne, collectivement et au niveau de ses \u00c9tats membres, \u00e0 continuer de soutenir la Mauritanie, afin de servir la s\u00e9curit\u00e9, la stabilit\u00e9 et le d\u00e9veloppement durable, et de placer l&#8217;int\u00e9r\u00eat des citoyens au c\u0153ur du partenariat entre les deux parties.<\/p>\n","protected":false},"excerpt":{"rendered":"<p>La directrice g\u00e9n\u00e9rale pour l&#8217;Afrique au Service europ\u00e9en pour l&#8217;action ext\u00e9rieure a affirm\u00e9 que l&#8217;UE \u0153uvre \u00e0 attirer davantage d&#8217;investissements europ\u00e9ens en Mauritanie, saluant la qualit\u00e9 du partenariat qui unit les deux parties. Elle a expliqu\u00e9, lors d&#8217;une conf\u00e9rence de presse jeudi soir, \u00e0 l&#8217;issue de la r\u00e9union p\u00e9riodique du dialogue de partenariat entre la [&hellip;]<\/p>\n","protected":false},"author":5,"featured_media":289385,"comment_status":"open","ping_status":"open","sticky":false,"template":"","format":"standard","meta":{"footnotes":""},"categories":[63918],"tags":[],"class_list":["post-289384","post","type-post","status-publish","format-standard","has-post-thumbnail","hentry","category-autres"],"_links":{"self":[{"href":"https:\/\/ami.mr\/fr\/wp-json\/wp\/v2\/posts\/289384","targetHints":{"allow":["GET"]}}],"collection":[{"href":"https:\/\/ami.mr\/fr\/wp-json\/wp\/v2\/posts"}],"about":[{"href":"https:\/\/ami.mr\/fr\/wp-json\/wp\/v2\/types\/post"}],"author":[{"embeddable":true,"href":"https:\/\/ami.mr\/fr\/wp-json\/wp\/v2\/users\/5"}],"replies":[{"embeddable":true,"href":"https:\/\/ami.mr\/fr\/wp-json\/wp\/v2\/comments?post=289384"}],"version-history":[{"count":1,"href":"https:\/\/ami.mr\/fr\/wp-json\/wp\/v2\/posts\/289384\/revisions"}],"predecessor-version":[{"id":289386,"href":"https:\/\/ami.mr\/fr\/wp-json\/wp\/v2\/posts\/289384\/revisions\/289386"}],"wp:featuredmedia":[{"embeddable":true,"href":"https:\/\/ami.mr\/fr\/wp-json\/wp\/v2\/media\/289385"}],"wp:attachment":[{"href":"https:\/\/ami.mr\/fr\/wp-json\/wp\/v2\/media?parent=289384"}],"wp:term":[{"taxonomy":"category","embeddable":true,"href":"https:\/\/ami.mr\/fr\/wp-json\/wp\/v2\/categories?post=289384"},{"taxonomy":"post_tag","embeddable":true,"href":"https:\/\/ami.mr\/fr\/wp-json\/wp\/v2\/tags?post=289384"}],"curies":[{"name":"wp","href":"https:\/\/api.w.org\/{rel}","templated":true}]}}