{"id":289323,"date":"2026-02-12T18:29:26","date_gmt":"2026-02-12T18:29:26","guid":{"rendered":"https:\/\/ami.mr\/fr\/?p=289323"},"modified":"2026-02-12T18:29:26","modified_gmt":"2026-02-12T18:29:26","slug":"la-premiere-dame-effectue-une-visite-de-terrain-au-centre-zayed-pour-enfants-autistes","status":"publish","type":"post","link":"https:\/\/ami.mr\/fr\/archives\/289323","title":{"rendered":"La Premi\u00e8re Dame effectue une visite de terrain au Centre Zayed pour enfants autistes"},"content":{"rendered":"<p>La Premi\u00e8re Dame, Dr Mariem Fadel Dah, a effectu\u00e9 jeudi une visite de prise de contact et d&#8217;information au Centre Zayed pour enfants autistes \u00e0 Nouakchott.<\/p>\n<p>La visite a couvert les diff\u00e9rentes sections du centre, qui offre aux enfants b\u00e9n\u00e9ficiaires un ensemble de services sp\u00e9cialis\u00e9s, notamment l&#8217;intervention pr\u00e9coce, des s\u00e9ances individuelles de modification du comportement, des services d&#8217;orthophonie et de communication, de l&#8217;ergoth\u00e9rapie, de la physioth\u00e9rapie, en plus d&#8217;activit\u00e9s r\u00e9cr\u00e9atives th\u00e9rapeutiques, des services de diagnostic et de soins parall\u00e8les, et le transport, ainsi que la formation du personnel du centre et l&#8217;organisation de sessions de formation pour les parents.<\/p>\n<p>La Premi\u00e8re Dame, accompagn\u00e9e de l&#8217;ambassadeur de la R\u00e9publique populaire de Chine accr\u00e9dit\u00e9 en Mauritanie, M. Tang Chung Dong, a visit\u00e9 les ailes du centre, o\u00f9 elle a re\u00e7u des explications d\u00e9taill\u00e9es des responsables, professeurs et superviseurs, sur les conditions de travail, le niveau des services fournis et la capacit\u00e9 du centre \u00e0 r\u00e9pondre aux besoins des enfants atteints du spectre de l&#8217;autisme.<\/p>\n<p>La Premi\u00e8re Dame a pris connaissance sur le terrain de la performance et de la pr\u00e9paration de cette installation de sant\u00e9 sp\u00e9cialis\u00e9e, et a \u00e9valu\u00e9 son ad\u00e9quation \u00e0 r\u00e9pondre aux besoins de cette frange de nos enfants.<\/p>\n","protected":false},"excerpt":{"rendered":"<p>La Premi\u00e8re Dame, Dr Mariem Fadel Dah, a effectu\u00e9 jeudi une visite de prise de contact et d&#8217;information au Centre Zayed pour enfants autistes \u00e0 Nouakchott. La visite a couvert les diff\u00e9rentes sections du centre, qui offre aux enfants b\u00e9n\u00e9ficiaires un ensemble de services sp\u00e9cialis\u00e9s, notamment l&#8217;intervention pr\u00e9coce, des s\u00e9ances individuelles de modification du comportement, [&hellip;]<\/p>\n","protected":false},"author":5,"featured_media":289324,"comment_status":"open","ping_status":"open","sticky":false,"template":"","format":"standard","meta":{"footnotes":""},"categories":[63920,63957],"tags":[],"class_list":["post-289323","post","type-post","status-publish","format-standard","has-post-thumbnail","hentry","category-a-la-une","category-fil-dactualite"],"_links":{"self":[{"href":"https:\/\/ami.mr\/fr\/wp-json\/wp\/v2\/posts\/289323","targetHints":{"allow":["GET"]}}],"collection":[{"href":"https:\/\/ami.mr\/fr\/wp-json\/wp\/v2\/posts"}],"about":[{"href":"https:\/\/ami.mr\/fr\/wp-json\/wp\/v2\/types\/post"}],"author":[{"embeddable":true,"href":"https:\/\/ami.mr\/fr\/wp-json\/wp\/v2\/users\/5"}],"replies":[{"embeddable":true,"href":"https:\/\/ami.mr\/fr\/wp-json\/wp\/v2\/comments?post=289323"}],"version-history":[{"count":1,"href":"https:\/\/ami.mr\/fr\/wp-json\/wp\/v2\/posts\/289323\/revisions"}],"predecessor-version":[{"id":289326,"href":"https:\/\/ami.mr\/fr\/wp-json\/wp\/v2\/posts\/289323\/revisions\/289326"}],"wp:featuredmedia":[{"embeddable":true,"href":"https:\/\/ami.mr\/fr\/wp-json\/wp\/v2\/media\/289324"}],"wp:attachment":[{"href":"https:\/\/ami.mr\/fr\/wp-json\/wp\/v2\/media?parent=289323"}],"wp:term":[{"taxonomy":"category","embeddable":true,"href":"https:\/\/ami.mr\/fr\/wp-json\/wp\/v2\/categories?post=289323"},{"taxonomy":"post_tag","embeddable":true,"href":"https:\/\/ami.mr\/fr\/wp-json\/wp\/v2\/tags?post=289323"}],"curies":[{"name":"wp","href":"https:\/\/api.w.org\/{rel}","templated":true}]}}