{"id":289223,"date":"2026-02-11T16:31:58","date_gmt":"2026-02-11T16:31:58","guid":{"rendered":"https:\/\/ami.mr\/fr\/?p=289223"},"modified":"2026-02-11T16:31:58","modified_gmt":"2026-02-11T16:31:58","slug":"une-mission-du-ministere-des-affaires-etrangeres-rencontre-la-communaute-mauritanienne-au-royaume-du-maroc","status":"publish","type":"post","link":"https:\/\/ami.mr\/fr\/archives\/289223","title":{"rendered":"Une mission du minist\u00e8re des Affaires \u00e9trang\u00e8res rencontre la communaut\u00e9 mauritanienne au Royaume du Maroc"},"content":{"rendered":"<p>Une mission du minist\u00e8re des Affaires \u00e9trang\u00e8res, de la Coop\u00e9ration africaine et des Mauritaniens de l&#8217;Ext\u00e9rieur a tenu, samedi \u00e0 Casablanca, une r\u00e9union avec les membres de la communaut\u00e9 mauritanienne r\u00e9sidant au Royaume du Maroc.<\/p>\n<p>Cette rencontre s&#8217;inscrit dans le cadre des visites de consultation et de contact avec les communaut\u00e9s mauritaniennes lanc\u00e9es par le minist\u00e8re en pr\u00e9paration de l&#8217;organisation du Forum des communaut\u00e9s mauritaniennes.<\/p>\n<p>Au d\u00e9but de la r\u00e9union, l&#8217;ambassadeur de la R\u00e9publique islamique de Mauritanie aupr\u00e8s du Royaume du Maroc, M. Ahmed Ould Bahia, a souhait\u00e9 la bienvenue aux membres de la mission, soulignant que \u2018\u2019l&#8217;envoi d&#8217;une mission de haut niveau pour \u00e9couter les pr\u00e9occupations de la communaut\u00e9 et transmettre ses demandes incarne l&#8217;attention particuli\u00e8re que Son Excellence le Pr\u00e9sident de la R\u00e9publique, Monsieur Mohamed Ould Cheikh El Ghazouani, accorde aux Mauritaniens de l&#8217;Ext\u00e9rieur, en application de ses directives visant \u00e0 prot\u00e9ger leurs int\u00e9r\u00eats et \u00e0 assurer leur s\u00e9curit\u00e9\u2019\u2019.<\/p>\n<p>Il a indiqu\u00e9 que \u2018\u2019l&#8217;organisation du premier Forum des communaut\u00e9s mauritaniennes s&#8217;inscrit dans le cadre de cette attention, en plus d&#8217;un ensemble de mesures, notamment la modification de la loi sur la nationalit\u00e9 permettant de conserver la nationalit\u00e9 d&#8217;origine, la possibilit\u00e9 pour les communaut\u00e9s de voter pour choisir leurs repr\u00e9sentants au Parlement, ainsi que la restructuration du secteur des Affaires \u00e9trang\u00e8res pour inclure les Mauritaniens de l&#8217;Ext\u00e9rieur\u2019\u2019.<\/p>\n<p>De son c\u00f4t\u00e9, la cheffe de la mission du minist\u00e8re, l&#8217;ambassadrice charg\u00e9e de mission au cabinet du ministre, Mme Tchacha Sidi Abdallah, a affirm\u00e9 que \u2018\u2019cette visite s&#8217;inscrit dans le cadre de l&#8217;ex\u00e9cution des directives du ministre des Affaires \u00e9trang\u00e8res visant \u00e0 impliquer les communaut\u00e9s dans la pr\u00e9paration du Forum et \u00e0 \u00e9couter de pr\u00e8s leurs pr\u00e9occupations, en concr\u00e9tisation des hautes directives de Son Excellence le Pr\u00e9sident de la R\u00e9publique\u2019\u2019.<\/p>\n<p>Quant \u00e0 l&#8217;ambassadeur directeur g\u00e9n\u00e9ral des Mauritaniens de l&#8217;Ext\u00e9rieur, M. Mohamed Maouloud Ould Mohamed Salem, il a pr\u00e9sent\u00e9 un expos\u00e9 d\u00e9taill\u00e9 sur le Forum des communaut\u00e9s, passant en revue ses objectifs, ses axes, les cat\u00e9gories de participants et la m\u00e9thodologie organisationnelle adopt\u00e9e, soulignant que l&#8217;approche participative adopt\u00e9e vise \u00e0 faire des communaut\u00e9s un partenaire actif dans la pr\u00e9paration, et non un simple r\u00e9cepteur.<\/p>\n<p>Il a, \u00e9galement, abord\u00e9 les efforts du minist\u00e8re dans le domaine des services consulaires, annon\u00e7ant le lancement prochain d&#8217;une plateforme num\u00e9rique pour les services consulaires, et une autre d\u00e9di\u00e9e aux communaut\u00e9s visant \u00e0 les connecter et \u00e0 faire conna\u00eetre leurs activit\u00e9s et leurs projets.<\/p>\n<p>\u00c0 la fin de la r\u00e9union, la discussion a \u00e9t\u00e9 ouverte aux repr\u00e9sentants de la communaut\u00e9, aux \u00e9tudiants et aux stagiaires, qui ont formul\u00e9 des revendications et de suggestions, saluant l&#8217;initiative du minist\u00e8re et demandant que le Forum se concentre sur les questions prioritaires et pertinentes pour les communaut\u00e9s mauritaniennes \u00e0 l&#8217;\u00e9tranger.<\/p>\n","protected":false},"excerpt":{"rendered":"<p>Une mission du minist\u00e8re des Affaires \u00e9trang\u00e8res, de la Coop\u00e9ration africaine et des Mauritaniens de l&#8217;Ext\u00e9rieur a tenu, samedi \u00e0 Casablanca, une r\u00e9union avec les membres de la communaut\u00e9 mauritanienne r\u00e9sidant au Royaume du Maroc. Cette rencontre s&#8217;inscrit dans le cadre des visites de consultation et de contact avec les communaut\u00e9s mauritaniennes lanc\u00e9es par le [&hellip;]<\/p>\n","protected":false},"author":5,"featured_media":289224,"comment_status":"open","ping_status":"open","sticky":false,"template":"","format":"standard","meta":{"footnotes":""},"categories":[63918,63957,25],"tags":[],"class_list":["post-289223","post","type-post","status-publish","format-standard","has-post-thumbnail","hentry","category-autres","category-fil-dactualite","category-25"],"_links":{"self":[{"href":"https:\/\/ami.mr\/fr\/wp-json\/wp\/v2\/posts\/289223","targetHints":{"allow":["GET"]}}],"collection":[{"href":"https:\/\/ami.mr\/fr\/wp-json\/wp\/v2\/posts"}],"about":[{"href":"https:\/\/ami.mr\/fr\/wp-json\/wp\/v2\/types\/post"}],"author":[{"embeddable":true,"href":"https:\/\/ami.mr\/fr\/wp-json\/wp\/v2\/users\/5"}],"replies":[{"embeddable":true,"href":"https:\/\/ami.mr\/fr\/wp-json\/wp\/v2\/comments?post=289223"}],"version-history":[{"count":1,"href":"https:\/\/ami.mr\/fr\/wp-json\/wp\/v2\/posts\/289223\/revisions"}],"predecessor-version":[{"id":289225,"href":"https:\/\/ami.mr\/fr\/wp-json\/wp\/v2\/posts\/289223\/revisions\/289225"}],"wp:featuredmedia":[{"embeddable":true,"href":"https:\/\/ami.mr\/fr\/wp-json\/wp\/v2\/media\/289224"}],"wp:attachment":[{"href":"https:\/\/ami.mr\/fr\/wp-json\/wp\/v2\/media?parent=289223"}],"wp:term":[{"taxonomy":"category","embeddable":true,"href":"https:\/\/ami.mr\/fr\/wp-json\/wp\/v2\/categories?post=289223"},{"taxonomy":"post_tag","embeddable":true,"href":"https:\/\/ami.mr\/fr\/wp-json\/wp\/v2\/tags?post=289223"}],"curies":[{"name":"wp","href":"https:\/\/api.w.org\/{rel}","templated":true}]}}