{"id":288899,"date":"2026-02-07T21:28:55","date_gmt":"2026-02-07T21:28:55","guid":{"rendered":"https:\/\/ami.mr\/fr\/?p=288899"},"modified":"2026-02-07T21:28:55","modified_gmt":"2026-02-07T21:28:55","slug":"le-parti-du-front-de-la-citoyennete-et-de-la-justice-organise-un-meeting-dans-la-moughataa-del-mina","status":"publish","type":"post","link":"https:\/\/ami.mr\/fr\/archives\/288899","title":{"rendered":"Le parti du Front de la Citoyennet\u00e9 et de la Justice organise un meeting dans la moughataa d&#8217;El Mina."},"content":{"rendered":"<p>Le parti du Front de la Citoyennet\u00e9 et de la Justice &#8220;Jem&#8217;a&#8221; a organis\u00e9, ce samedi soir, dans la moughataa d&#8217;El Mina, dans la wilaya de Nouakchott Sud, un meeting populaire sous le slogan &#8220;La citoyennet\u00e9 d&#8217;abord et la justice toujours&#8221;.<\/p>\n<p>Dans son discours \u00e0 cette occasion, le pr\u00e9sident du parti, M. Mohamed Jemil Mansour, a affirm\u00e9 que le parti du Front de la Citoyennet\u00e9 et de la Justice vise \u00e0 rassembler tous les citoyens sur la base des valeurs de citoyennet\u00e9 et de justice, soulignant le soutien du parti \u00e0 Son Excellence le Pr\u00e9sident de la R\u00e9publique, Monsieur Mohamed Ould Cheikh El Ghazouani, afin de poursuivre le processus de construction et de d\u00e9veloppement.<\/p>\n<p>Il a soulign\u00e9 que le peuple mauritanien m\u00e9rite une vie digne, la fourniture de services de base, leur rapprochement et la facilitation de leur acc\u00e8s.<\/p>\n<p>Les intervenants, parmi les dirigeants et les membres du parti, ont exprim\u00e9 leur attachement aux choix politiques du parti et leur soutien \u00e0 ses objectifs.<\/p>\n<p>&nbsp;<\/p>\n","protected":false},"excerpt":{"rendered":"<p>Le parti du Front de la Citoyennet\u00e9 et de la Justice &#8220;Jem&#8217;a&#8221; a organis\u00e9, ce samedi soir, dans la moughataa d&#8217;El Mina, dans la wilaya de Nouakchott Sud, un meeting populaire sous le slogan &#8220;La citoyennet\u00e9 d&#8217;abord et la justice toujours&#8221;. Dans son discours \u00e0 cette occasion, le pr\u00e9sident du parti, M. Mohamed Jemil Mansour, [&hellip;]<\/p>\n","protected":false},"author":53,"featured_media":288900,"comment_status":"open","ping_status":"open","sticky":false,"template":"","format":"standard","meta":{"footnotes":""},"categories":[63918,63957,63959,63927],"tags":[],"class_list":["post-288899","post","type-post","status-publish","format-standard","has-post-thumbnail","hentry","category-autres","category-fil-dactualite","category-mauritanie","category-slider-mauritanie"],"_links":{"self":[{"href":"https:\/\/ami.mr\/fr\/wp-json\/wp\/v2\/posts\/288899","targetHints":{"allow":["GET"]}}],"collection":[{"href":"https:\/\/ami.mr\/fr\/wp-json\/wp\/v2\/posts"}],"about":[{"href":"https:\/\/ami.mr\/fr\/wp-json\/wp\/v2\/types\/post"}],"author":[{"embeddable":true,"href":"https:\/\/ami.mr\/fr\/wp-json\/wp\/v2\/users\/53"}],"replies":[{"embeddable":true,"href":"https:\/\/ami.mr\/fr\/wp-json\/wp\/v2\/comments?post=288899"}],"version-history":[{"count":1,"href":"https:\/\/ami.mr\/fr\/wp-json\/wp\/v2\/posts\/288899\/revisions"}],"predecessor-version":[{"id":288901,"href":"https:\/\/ami.mr\/fr\/wp-json\/wp\/v2\/posts\/288899\/revisions\/288901"}],"wp:featuredmedia":[{"embeddable":true,"href":"https:\/\/ami.mr\/fr\/wp-json\/wp\/v2\/media\/288900"}],"wp:attachment":[{"href":"https:\/\/ami.mr\/fr\/wp-json\/wp\/v2\/media?parent=288899"}],"wp:term":[{"taxonomy":"category","embeddable":true,"href":"https:\/\/ami.mr\/fr\/wp-json\/wp\/v2\/categories?post=288899"},{"taxonomy":"post_tag","embeddable":true,"href":"https:\/\/ami.mr\/fr\/wp-json\/wp\/v2\/tags?post=288899"}],"curies":[{"name":"wp","href":"https:\/\/api.w.org\/{rel}","templated":true}]}}