{"id":288801,"date":"2026-02-06T12:46:06","date_gmt":"2026-02-06T12:46:06","guid":{"rendered":"https:\/\/ami.mr\/fr\/?p=288801"},"modified":"2026-02-06T12:46:06","modified_gmt":"2026-02-06T12:46:06","slug":"le-president-de-la-cour-supreme-regagne-la-capitale","status":"publish","type":"post","link":"https:\/\/ami.mr\/fr\/archives\/288801","title":{"rendered":"Le pr\u00e9sident de la Cour supr\u00eame regagne la capitale"},"content":{"rendered":"<p>Le pr\u00e9sident de la Cour supr\u00eame, M. Cheikh Ahmed Sid&#8217;Ahmed, a regag\u00e9 Nouakchott jeudi soir, en provenance de la R\u00e9publique arabe d&#8217;\u00c9gypte.<\/p>\n<p>Au cours de cette visite, qui s&#8217;est d\u00e9roul\u00e9e du 31 janvier au 5 f\u00e9vrier 2026, le pr\u00e9sident de la Cour supr\u00eame a sign\u00e9 avec le pr\u00e9sident de la Cour de cassation \u00e9gyptienne un accord de jumelage entre les deux institutions.<\/p>\n<p>Le Pr\u00e9sident de la Cour supr\u00eame \u00e9tait accompagn\u00e9 au cours de ce voyage par chacun des pr\u00e9sidents de la Chambre criminelle et de la Chambre administrative, un conseiller \u00e0 la Cour supr\u00eame et le greffier central de la Cour.<\/p>\n","protected":false},"excerpt":{"rendered":"<p>Le pr\u00e9sident de la Cour supr\u00eame, M. Cheikh Ahmed Sid&#8217;Ahmed, a regag\u00e9 Nouakchott jeudi soir, en provenance de la R\u00e9publique arabe d&#8217;\u00c9gypte. Au cours de cette visite, qui s&#8217;est d\u00e9roul\u00e9e du 31 janvier au 5 f\u00e9vrier 2026, le pr\u00e9sident de la Cour supr\u00eame a sign\u00e9 avec le pr\u00e9sident de la Cour de cassation \u00e9gyptienne un [&hellip;]<\/p>\n","protected":false},"author":17,"featured_media":288802,"comment_status":"open","ping_status":"open","sticky":false,"template":"","format":"standard","meta":{"footnotes":""},"categories":[63918,63957,63959],"tags":[],"class_list":["post-288801","post","type-post","status-publish","format-standard","has-post-thumbnail","hentry","category-autres","category-fil-dactualite","category-mauritanie"],"_links":{"self":[{"href":"https:\/\/ami.mr\/fr\/wp-json\/wp\/v2\/posts\/288801","targetHints":{"allow":["GET"]}}],"collection":[{"href":"https:\/\/ami.mr\/fr\/wp-json\/wp\/v2\/posts"}],"about":[{"href":"https:\/\/ami.mr\/fr\/wp-json\/wp\/v2\/types\/post"}],"author":[{"embeddable":true,"href":"https:\/\/ami.mr\/fr\/wp-json\/wp\/v2\/users\/17"}],"replies":[{"embeddable":true,"href":"https:\/\/ami.mr\/fr\/wp-json\/wp\/v2\/comments?post=288801"}],"version-history":[{"count":1,"href":"https:\/\/ami.mr\/fr\/wp-json\/wp\/v2\/posts\/288801\/revisions"}],"predecessor-version":[{"id":288803,"href":"https:\/\/ami.mr\/fr\/wp-json\/wp\/v2\/posts\/288801\/revisions\/288803"}],"wp:featuredmedia":[{"embeddable":true,"href":"https:\/\/ami.mr\/fr\/wp-json\/wp\/v2\/media\/288802"}],"wp:attachment":[{"href":"https:\/\/ami.mr\/fr\/wp-json\/wp\/v2\/media?parent=288801"}],"wp:term":[{"taxonomy":"category","embeddable":true,"href":"https:\/\/ami.mr\/fr\/wp-json\/wp\/v2\/categories?post=288801"},{"taxonomy":"post_tag","embeddable":true,"href":"https:\/\/ami.mr\/fr\/wp-json\/wp\/v2\/tags?post=288801"}],"curies":[{"name":"wp","href":"https:\/\/api.w.org\/{rel}","templated":true}]}}