{"id":288389,"date":"2026-02-01T11:24:31","date_gmt":"2026-02-01T11:24:31","guid":{"rendered":"https:\/\/ami.mr\/fr\/?p=288389"},"modified":"2026-02-02T10:22:04","modified_gmt":"2026-02-02T10:22:04","slug":"la-mauritanie-participe-a-la-deuxieme-session-du-forum-arabo-indien-a-new-delhi","status":"publish","type":"post","link":"https:\/\/ami.mr\/fr\/archives\/288389","title":{"rendered":"La Mauritanie participe \u00e0 la deuxi\u00e8me session du Forum arabo-indien \u00e0 New Delhi"},"content":{"rendered":"<p>La deuxi\u00e8me session du Forum arabo-indien s&#8217;est ouverte samedi dans la capitale indienne, New Delhi, avec la participation d&#8217;une d\u00e9l\u00e9gation mauritanienne, conduite par le Repr\u00e9sentant permanent aupr\u00e8s de la Ligue des \u00c9tats arabes, Son Excellence l&#8217;Ambassadeur El Houssein Sidi Abdallahi Deh, repr\u00e9sentant Son Excellence le ministre des Affaires \u00e9trang\u00e8res, de la Coop\u00e9ration africaine et des Mauritaniens de l&#8217;ext\u00e9rieur.<\/p>\n<p>Dans son intervention devant le forum, l&#8217;ambassadeur a soulign\u00e9 que les rapides mutations g\u00e9opolitiques exigent d&#8217;\u00e9lever les relations arabo-indiennes au rang d&#8217;un v\u00e9ritable partenariat strat\u00e9gique, capable, de par son poids politique et \u00e9conomique, de contribuer \u00e0 l&#8217;\u00e9laboration de solutions durables aux d\u00e9fis mondiaux.<\/p>\n<p>Il a not\u00e9 le bond qualitatif r\u00e9alis\u00e9 dans les relations mauritaniennes-indiennes, gr\u00e2ce \u00e0 la volont\u00e9 politique de Son Excellence le Pr\u00e9sident de la R\u00e9publique, M. Mohamed Ould Cheikh El Ghazouani, qui a abouti \u00e0 l&#8217;ouverture des ambassades des deux pays.<\/p>\n<p>Il a \u00e9galement mis en avant les perspectives d&#8217;investissement prometteuses en Mauritanie, compte tenu de sa position strat\u00e9gique de porte d&#8217;entr\u00e9e vers les mondes arabe et africain, notamment dans les domaines des \u00e9nergies propres, d&#8217;hydrog\u00e8ne vert et de l&#8217;\u00e9conomie bleue.<\/p>\n<p>La d\u00e9l\u00e9gation mauritanienne comprenait Son Excellence l&#8217;ambassadeur de Mauritanie aupr\u00e8s de la R\u00e9publique de l&#8217;Inde, M. Ahmedou Ahmedou, l&#8217;ambassadeur et directeur de la Coop\u00e9ration multilat\u00e9rale au minist\u00e8re des Affaires \u00e9trang\u00e8res, de la Coop\u00e9ration africaine et des Mauritaniens de l&#8217;Ext\u00e9rieur, ainsi qu&#8217;un conseiller de l&#8217;ambassade de Mauritanie en Inde.<\/p>\n","protected":false},"excerpt":{"rendered":"<p>La deuxi\u00e8me session du Forum arabo-indien s&#8217;est ouverte samedi dans la capitale indienne, New Delhi, avec la participation d&#8217;une d\u00e9l\u00e9gation mauritanienne, conduite par le Repr\u00e9sentant permanent aupr\u00e8s de la Ligue des \u00c9tats arabes, Son Excellence l&#8217;Ambassadeur El Houssein Sidi Abdallahi Deh, repr\u00e9sentant Son Excellence le ministre des Affaires \u00e9trang\u00e8res, de la Coop\u00e9ration africaine et des [&hellip;]<\/p>\n","protected":false},"author":17,"featured_media":288421,"comment_status":"open","ping_status":"open","sticky":false,"template":"","format":"standard","meta":{"footnotes":""},"categories":[63920,63957,25],"tags":[],"class_list":["post-288389","post","type-post","status-publish","format-standard","has-post-thumbnail","hentry","category-a-la-une","category-fil-dactualite","category-25"],"_links":{"self":[{"href":"https:\/\/ami.mr\/fr\/wp-json\/wp\/v2\/posts\/288389","targetHints":{"allow":["GET"]}}],"collection":[{"href":"https:\/\/ami.mr\/fr\/wp-json\/wp\/v2\/posts"}],"about":[{"href":"https:\/\/ami.mr\/fr\/wp-json\/wp\/v2\/types\/post"}],"author":[{"embeddable":true,"href":"https:\/\/ami.mr\/fr\/wp-json\/wp\/v2\/users\/17"}],"replies":[{"embeddable":true,"href":"https:\/\/ami.mr\/fr\/wp-json\/wp\/v2\/comments?post=288389"}],"version-history":[{"count":2,"href":"https:\/\/ami.mr\/fr\/wp-json\/wp\/v2\/posts\/288389\/revisions"}],"predecessor-version":[{"id":288391,"href":"https:\/\/ami.mr\/fr\/wp-json\/wp\/v2\/posts\/288389\/revisions\/288391"}],"wp:featuredmedia":[{"embeddable":true,"href":"https:\/\/ami.mr\/fr\/wp-json\/wp\/v2\/media\/288421"}],"wp:attachment":[{"href":"https:\/\/ami.mr\/fr\/wp-json\/wp\/v2\/media?parent=288389"}],"wp:term":[{"taxonomy":"category","embeddable":true,"href":"https:\/\/ami.mr\/fr\/wp-json\/wp\/v2\/categories?post=288389"},{"taxonomy":"post_tag","embeddable":true,"href":"https:\/\/ami.mr\/fr\/wp-json\/wp\/v2\/tags?post=288389"}],"curies":[{"name":"wp","href":"https:\/\/api.w.org\/{rel}","templated":true}]}}