{"id":288361,"date":"2026-01-31T15:32:58","date_gmt":"2026-01-31T15:32:58","guid":{"rendered":"https:\/\/ami.mr\/fr\/?p=288361"},"modified":"2026-01-31T15:32:58","modified_gmt":"2026-01-31T15:32:58","slug":"le-ministre-des-affaires-economiques-regagne-nouakchott-apres-une-visite-de-travail-au-koweit","status":"publish","type":"post","link":"https:\/\/ami.mr\/fr\/archives\/288361","title":{"rendered":"Le ministre des Affaires \u00e9conomiques regagne Nouakchott apr\u00e8s une visite de travail au Kowe\u00eft"},"content":{"rendered":"<p>Le ministre des Affaires \u00e9conomiques et du D\u00e9veloppement, M. Abdallahi Souleimane Cheikh Sidiya, est rentr\u00e9 ce samedi \u00e0 Nouakchott en provenance de l\u2019\u00c9tat du Kowe\u00eft.<\/p>\n<p>Au cours de sa visite, le ministre a tenu des r\u00e9unions de haut niveau avec Son Excellence le ministre kowe\u00eftien des Finances et ministre d\u2019\u00c9tat par int\u00e9rim aux Affaires \u00e9conomiques et \u00e0 l\u2019Investissement, M. Subaih Abdulaziz Al-Mukhaizeem, au cours desquelles ils ont \u00e9voqu\u00e9 les perspectives de coop\u00e9ration bilat\u00e9rale.<\/p>\n<p>Le ministre s\u2019est \u00e9galement entretenu longuement avec le directeur g\u00e9n\u00e9ral du Fonds kowe\u00eftien pour le d\u00e9veloppement \u00e9conomique arabe, M. Walid Shamlan Al Bahar, et le directeur g\u00e9n\u00e9ral et pr\u00e9sident du conseil d\u2019administration du Fonds arabe pour le d\u00e9veloppement \u00e9conomique et social, M. Fawzi Yousef Alhunaif.<\/p>\n","protected":false},"excerpt":{"rendered":"<p>Le ministre des Affaires \u00e9conomiques et du D\u00e9veloppement, M. Abdallahi Souleimane Cheikh Sidiya, est rentr\u00e9 ce samedi \u00e0 Nouakchott en provenance de l\u2019\u00c9tat du Kowe\u00eft. Au cours de sa visite, le ministre a tenu des r\u00e9unions de haut niveau avec Son Excellence le ministre kowe\u00eftien des Finances et ministre d\u2019\u00c9tat par int\u00e9rim aux Affaires \u00e9conomiques [&hellip;]<\/p>\n","protected":false},"author":18,"featured_media":288362,"comment_status":"open","ping_status":"open","sticky":false,"template":"","format":"standard","meta":{"footnotes":""},"categories":[63918,63957,63959],"tags":[],"class_list":["post-288361","post","type-post","status-publish","format-standard","has-post-thumbnail","hentry","category-autres","category-fil-dactualite","category-mauritanie"],"_links":{"self":[{"href":"https:\/\/ami.mr\/fr\/wp-json\/wp\/v2\/posts\/288361","targetHints":{"allow":["GET"]}}],"collection":[{"href":"https:\/\/ami.mr\/fr\/wp-json\/wp\/v2\/posts"}],"about":[{"href":"https:\/\/ami.mr\/fr\/wp-json\/wp\/v2\/types\/post"}],"author":[{"embeddable":true,"href":"https:\/\/ami.mr\/fr\/wp-json\/wp\/v2\/users\/18"}],"replies":[{"embeddable":true,"href":"https:\/\/ami.mr\/fr\/wp-json\/wp\/v2\/comments?post=288361"}],"version-history":[{"count":1,"href":"https:\/\/ami.mr\/fr\/wp-json\/wp\/v2\/posts\/288361\/revisions"}],"predecessor-version":[{"id":288363,"href":"https:\/\/ami.mr\/fr\/wp-json\/wp\/v2\/posts\/288361\/revisions\/288363"}],"wp:featuredmedia":[{"embeddable":true,"href":"https:\/\/ami.mr\/fr\/wp-json\/wp\/v2\/media\/288362"}],"wp:attachment":[{"href":"https:\/\/ami.mr\/fr\/wp-json\/wp\/v2\/media?parent=288361"}],"wp:term":[{"taxonomy":"category","embeddable":true,"href":"https:\/\/ami.mr\/fr\/wp-json\/wp\/v2\/categories?post=288361"},{"taxonomy":"post_tag","embeddable":true,"href":"https:\/\/ami.mr\/fr\/wp-json\/wp\/v2\/tags?post=288361"}],"curies":[{"name":"wp","href":"https:\/\/api.w.org\/{rel}","templated":true}]}}