{"id":288323,"date":"2026-01-30T20:53:04","date_gmt":"2026-01-30T20:53:04","guid":{"rendered":"https:\/\/ami.mr\/fr\/?p=288323"},"modified":"2026-01-30T20:53:04","modified_gmt":"2026-01-30T20:53:04","slug":"le-wali-du-brakna-tient-une-reunion-avec-les-presidents-des-clubs-culturels-et-sportifs","status":"publish","type":"post","link":"https:\/\/ami.mr\/fr\/archives\/288323","title":{"rendered":"Le wali du Brakna tient une r\u00e9union avec les pr\u00e9sidents des clubs culturels et sportifs"},"content":{"rendered":"<p>Le wali du Brakna, M. Tayeb Ould Mohamed Mahmoud, a tenu ce vendredi \u00e0 Aleg, une r\u00e9union avec les jeunes acteurs, pr\u00e9sidents de clubs culturels et sportifs et b\u00e9n\u00e9voles au niveau de la moughataa d&#8217;Aleg, afin de discuter des questions relatives \u00e0 la jeunesse et des probl\u00e8mes majeurs qu&#8217;elle rencontre.<br \/>\nAu cours de la r\u00e9union, le wali a soulign\u00e9 la grande importance de la jeunesse dans les diff\u00e9rents domaines du d\u00e9veloppement, rappelant l&#8217;attention particuli\u00e8re accord\u00e9e par Son Excellence le Pr\u00e9sident de la R\u00e9publique, M. Mohamed Ould Cheikh El Ghazouani, \u00e0 la promotion et au renforcement des performances de cette importante frange de la soci\u00e9t\u00e9.<br \/>\nIl a indiqu\u00e9 que toutes les administrations de cette wilaya sont ouvertes aux jeunes, connus pour leur s\u00e9rieux, leur activit\u00e9 et leurs grandes contributions \u00e0 l&#8217;am\u00e9lioration du niveau de d\u00e9veloppement.<br \/>\nQuant au pr\u00e9sident de la r\u00e9gion du Brakna, M. Moustapha Ould Mohamed Mahmoud, il a soulign\u00e9 que Son Excellence le Pr\u00e9sident de la R\u00e9publique, M. Mohamed Ould Cheikh El Ghazouani, a accord\u00e9 une attention particuli\u00e8re \u00e0 la jeunesse, en offrant des opportunit\u00e9s d&#8217;emploi, de formation et un soutien financier pour les grands projets qui leur sont destin\u00e9s, affirmant que la r\u00e9gion du Brakna a accompagn\u00e9 cet int\u00e9r\u00eat \u00e0 travers ses interventions dans les domaines culturels et sportifs.<br \/>\nLe maire de la commune d&#8217;Aleg, M. Youssef Ould Cheikh El Ghadhi, avait auparavant salu\u00e9, dans un discours, l&#8217;organisation de ce type de rencontres, indiquant que la commune d&#8217;Aleg a consacr\u00e9 la majeure partie de son budget aux activit\u00e9s culturelles et sportives.<br \/>\nLa r\u00e9union a \u00e9t\u00e9 marqu\u00e9e par les interventions de nombreux jeunes qui ont salu\u00e9 l&#8217;attention que les hautes autorit\u00e9s du pays leur accordent, passant en revue les probl\u00e8mes majeurs rencontr\u00e9s par les jeunes au niveau de la wilaya.<br \/>\nLa r\u00e9union s&#8217;est d\u00e9roul\u00e9e en pr\u00e9sence du Hakem de la moughataa d&#8217;Aleg, du vice-pr\u00e9sident de la r\u00e9gion du Brakna et de son secr\u00e9taire g\u00e9n\u00e9ral.<\/p>\n","protected":false},"excerpt":{"rendered":"<p>Le wali du Brakna, M. Tayeb Ould Mohamed Mahmoud, a tenu ce vendredi \u00e0 Aleg, une r\u00e9union avec les jeunes acteurs, pr\u00e9sidents de clubs culturels et sportifs et b\u00e9n\u00e9voles au niveau de la moughataa d&#8217;Aleg, afin de discuter des questions relatives \u00e0 la jeunesse et des probl\u00e8mes majeurs qu&#8217;elle rencontre. Au cours de la r\u00e9union, [&hellip;]<\/p>\n","protected":false},"author":53,"featured_media":288324,"comment_status":"open","ping_status":"open","sticky":false,"template":"","format":"standard","meta":{"footnotes":""},"categories":[63918,63957,63923,8672],"tags":[],"class_list":["post-288323","post","type-post","status-publish","format-standard","has-post-thumbnail","hentry","category-autres","category-fil-dactualite","category-slider-wilayas","category-8672"],"_links":{"self":[{"href":"https:\/\/ami.mr\/fr\/wp-json\/wp\/v2\/posts\/288323","targetHints":{"allow":["GET"]}}],"collection":[{"href":"https:\/\/ami.mr\/fr\/wp-json\/wp\/v2\/posts"}],"about":[{"href":"https:\/\/ami.mr\/fr\/wp-json\/wp\/v2\/types\/post"}],"author":[{"embeddable":true,"href":"https:\/\/ami.mr\/fr\/wp-json\/wp\/v2\/users\/53"}],"replies":[{"embeddable":true,"href":"https:\/\/ami.mr\/fr\/wp-json\/wp\/v2\/comments?post=288323"}],"version-history":[{"count":1,"href":"https:\/\/ami.mr\/fr\/wp-json\/wp\/v2\/posts\/288323\/revisions"}],"predecessor-version":[{"id":288325,"href":"https:\/\/ami.mr\/fr\/wp-json\/wp\/v2\/posts\/288323\/revisions\/288325"}],"wp:featuredmedia":[{"embeddable":true,"href":"https:\/\/ami.mr\/fr\/wp-json\/wp\/v2\/media\/288324"}],"wp:attachment":[{"href":"https:\/\/ami.mr\/fr\/wp-json\/wp\/v2\/media?parent=288323"}],"wp:term":[{"taxonomy":"category","embeddable":true,"href":"https:\/\/ami.mr\/fr\/wp-json\/wp\/v2\/categories?post=288323"},{"taxonomy":"post_tag","embeddable":true,"href":"https:\/\/ami.mr\/fr\/wp-json\/wp\/v2\/tags?post=288323"}],"curies":[{"name":"wp","href":"https:\/\/api.w.org\/{rel}","templated":true}]}}