{"id":288199,"date":"2026-01-29T19:38:11","date_gmt":"2026-01-29T19:38:11","guid":{"rendered":"https:\/\/ami.mr\/fr\/?p=288199"},"modified":"2026-01-29T19:38:11","modified_gmt":"2026-01-29T19:38:11","slug":"le-wali-de-dakhlet-nouadhibou-visite-certaines-administrations-operant-dans-le-secteur-de-la-peche","status":"publish","type":"post","link":"https:\/\/ami.mr\/fr\/archives\/288199","title":{"rendered":"Le wali de Dakhlet-Nouadhibou visite certaines administrations op\u00e9rant dans le secteur de la p\u00eache"},"content":{"rendered":"<p>Le wali de Dakhlet-Nouadhibou, Mme Tfeila Mohameden Haden, a effectu\u00e9, ce jeudi, une visite \u00e0 certaines administrations op\u00e9rant dans le secteur de la p\u00eache, notamment la Direction r\u00e9gionale de la p\u00eache et la Direction r\u00e9gionale de l&#8217;Agence mauritanienne des affaires maritimes \u00e0 Nouadhibou.<\/p>\n<p>Le Wali a visit\u00e9 les diff\u00e9rentes sections et services de ces deux administrations, et a \u00e9cout\u00e9 des explications sur la nature de leur travail et la qualit\u00e9 de leurs services, avant de tenir une r\u00e9union avec les employ\u00e9s de ces deux institutions. Mme Tfeila Mohameden Hadena expliqu\u00e9 que l&#8217;objectif de la visite \u00e9tait de s&#8217;informer sur le terrain du d\u00e9roulement du travail dans ces administrations, rappelant l&#8217;importance du secteur de la p\u00eache dans l&#8217;\u00e9conomie nationale, son r\u00f4le central pour la wilaya et sa grande rentabilit\u00e9 \u00e9conomique.<\/p>\n<p>Elle a soulign\u00e9 que cette visite lui a permis de prendre connaissance des efforts d\u00e9ploy\u00e9s par ces administrations pour rapprocher leurs services des citoyens, des m\u00e9canismes de travail en place et des propositions n\u00e9cessaires pour am\u00e9liorer et accro\u00eetre les performances, compte tenu du grand nombre de travailleurs li\u00e9s \u00e0 leurs services.<\/p>\n<p>Le Wali, Mme Tfeila Mohameden Haden, \u00e9tait accompagn\u00e9e lors de cette visite par son directeur de cabinet, le hakem de la moughataa de Nouadhibou, l&#8217;adjoint au maire de sa commune, les chefs des services militaires et de s\u00e9curit\u00e9 de la wilaya, le directeur r\u00e9gional de l&#8217;Agence mauritanienne des affaires maritimes et le directeur r\u00e9gional de la p\u00eache.<\/p>\n","protected":false},"excerpt":{"rendered":"<p>Le wali de Dakhlet-Nouadhibou, Mme Tfeila Mohameden Haden, a effectu\u00e9, ce jeudi, une visite \u00e0 certaines administrations op\u00e9rant dans le secteur de la p\u00eache, notamment la Direction r\u00e9gionale de la p\u00eache et la Direction r\u00e9gionale de l&#8217;Agence mauritanienne des affaires maritimes \u00e0 Nouadhibou. Le Wali a visit\u00e9 les diff\u00e9rentes sections et services de ces deux [&hellip;]<\/p>\n","protected":false},"author":5,"featured_media":288200,"comment_status":"open","ping_status":"open","sticky":false,"template":"","format":"standard","meta":{"footnotes":""},"categories":[63918,63957,8672],"tags":[],"class_list":["post-288199","post","type-post","status-publish","format-standard","has-post-thumbnail","hentry","category-autres","category-fil-dactualite","category-8672"],"_links":{"self":[{"href":"https:\/\/ami.mr\/fr\/wp-json\/wp\/v2\/posts\/288199","targetHints":{"allow":["GET"]}}],"collection":[{"href":"https:\/\/ami.mr\/fr\/wp-json\/wp\/v2\/posts"}],"about":[{"href":"https:\/\/ami.mr\/fr\/wp-json\/wp\/v2\/types\/post"}],"author":[{"embeddable":true,"href":"https:\/\/ami.mr\/fr\/wp-json\/wp\/v2\/users\/5"}],"replies":[{"embeddable":true,"href":"https:\/\/ami.mr\/fr\/wp-json\/wp\/v2\/comments?post=288199"}],"version-history":[{"count":1,"href":"https:\/\/ami.mr\/fr\/wp-json\/wp\/v2\/posts\/288199\/revisions"}],"predecessor-version":[{"id":288202,"href":"https:\/\/ami.mr\/fr\/wp-json\/wp\/v2\/posts\/288199\/revisions\/288202"}],"wp:featuredmedia":[{"embeddable":true,"href":"https:\/\/ami.mr\/fr\/wp-json\/wp\/v2\/media\/288200"}],"wp:attachment":[{"href":"https:\/\/ami.mr\/fr\/wp-json\/wp\/v2\/media?parent=288199"}],"wp:term":[{"taxonomy":"category","embeddable":true,"href":"https:\/\/ami.mr\/fr\/wp-json\/wp\/v2\/categories?post=288199"},{"taxonomy":"post_tag","embeddable":true,"href":"https:\/\/ami.mr\/fr\/wp-json\/wp\/v2\/tags?post=288199"}],"curies":[{"name":"wp","href":"https:\/\/api.w.org\/{rel}","templated":true}]}}