{"id":288196,"date":"2026-01-29T19:33:38","date_gmt":"2026-01-29T19:33:38","guid":{"rendered":"https:\/\/ami.mr\/fr\/?p=288196"},"modified":"2026-01-29T19:33:38","modified_gmt":"2026-01-29T19:33:38","slug":"lancement-des-activites-de-la-journee-nationale-de-lentrepreneuriat","status":"publish","type":"post","link":"https:\/\/ami.mr\/fr\/archives\/288196","title":{"rendered":"Lancement des activit\u00e9s de la Journ\u00e9e nationale de l&#8217;entrepreneuriat"},"content":{"rendered":"<p>Les activit\u00e9s de la Journ\u00e9e nationale de l&#8217;entrepreneuriat, organis\u00e9e ce jeudi matin \u00e0 Nouakchott par le minist\u00e8re de l&#8217;Autonomisation des jeunes, de l&#8217;Emploi, des Sports et du Service civique, sous le th\u00e8me : &#8220;Lib\u00e9rer les \u00e9nergies entrepreneuriales pour cr\u00e9er des opportunit\u00e9s d&#8217;emploi&#8221;, ont d\u00e9but\u00e9 ce jeudi \u00e0 Nouakchott.<\/p>\n<p>L&#8217;organisation de cette journ\u00e9e s&#8217;inscrit dans le cadre des efforts visant \u00e0 promouvoir la culture de l&#8217;entrepreneuriat et \u00e0 renforcer son r\u00f4le. Elle repr\u00e9sente \u00e9galement une opportunit\u00e9 pour les jeunes porteurs de projets et les entrepreneurs d\u00e9sireux de cr\u00e9er leurs petites et moyennes entreprises, de prendre connaissance des exp\u00e9riences qui seront pr\u00e9sent\u00e9es par les experts participant \u00e0 cette journ\u00e9e sur les th\u00e8mes li\u00e9s au climat entrepreneurial et aux exp\u00e9riences nationales pionni\u00e8res dans ce domaine.<\/p>\n<p>Le ministre de l&#8217;Autonomisation des jeunes, de l&#8217;Emploi, des Sports et du Service civique, M. Mohamed Abdallahi Ould Louly, a soulign\u00e9, dans un discours prononc\u00e9 \u00e0 cette occasion, que l&#8217;entrepreneuriat et l&#8217;emploi occupent une place particuli\u00e8re dans le programme de Son Excellence le Pr\u00e9sident de la R\u00e9publique, M. Mohamed Ould Cheikh El Ghazouani, &#8220;Mes ambitions pour la Patrie<\/p>\n<p>&#8220;, indiquant que le secteur a pr\u00e9par\u00e9 plusieurs documents de r\u00e9f\u00e9rence et lanc\u00e9 de nouveaux programmes visant l&#8217;efficacit\u00e9 et l&#8217;impact tangible des programmes de soutien \u00e0 l&#8217;emploi des jeunes.<\/p>\n<p>Il a d\u00e9clar\u00e9 que cette journ\u00e9e offrira l&#8217;occasion de pr\u00e9senter la strat\u00e9gie de l&#8217;emploi (2026-2030), la strat\u00e9gie ex\u00e9cutive sp\u00e9cifique aux entreprises et aux tr\u00e8s petites, petites et moyennes entreprises approuv\u00e9e en septembre dernier, et de pr\u00e9senter la structure des nouveaux programmes d&#8217;emploi et ce qu&#8217;ils offrent sp\u00e9cifiquement \u00e0 nos jeunes entrepreneurs.<\/p>\n<p>Il a soulign\u00e9 que l&#8217;entreprise et l&#8217;entrepreneuriat contribuent de mani\u00e8re significative \u00e0 la cr\u00e9ation d&#8217;emplois, repr\u00e9sentant un pourcentage consid\u00e9rable du total des opportunit\u00e9s sur le march\u00e9, allant de 70% \u00e0 90%, notant que le secteur a lanc\u00e9 r\u00e9cemment de nombreuses initiatives visant \u00e0 d\u00e9velopper l&#8217;entrepreneuriat.<\/p>\n<p>\u00c0 son tour, le pr\u00e9sident de l&#8217;Union nationale du patronat de Mauritanie, M. Mohamed Zein El Abidine Ould Cheikh Ahmed, a d\u00e9clar\u00e9 que l&#8217;organisation de cette journ\u00e9e est en accord avec le programme de Son Excellence le Pr\u00e9sident de la R\u00e9publique, M. Mohamed Ould Cheikh El Ghazouani, qui fait de l&#8217;autonomisation des jeunes, de la cr\u00e9ation d&#8217;emplois et de la stimulation de l&#8217;investissement un pilier fondamental des politiques publiques.<\/p>\n<p>Il a affirm\u00e9 que l&#8217;Union se positionne comme un partenaire strat\u00e9gique dans ce processus, exprimant sa volont\u00e9 de travailler avec le gouvernement et les partenaires pour d\u00e9velopper les comp\u00e9tences et faciliter l&#8217;acc\u00e8s des entrepreneurs au financement et aux march\u00e9s.<\/p>\n<p>De son c\u00f4t\u00e9, le directeur de l&#8217;Agence fran\u00e7aise de d\u00e9veloppement, M. Ignace Monkam Davrat, a soulign\u00e9 l&#8217;importance de cette journ\u00e9e d\u00e9di\u00e9e \u00e0 la mise en valeur du potentiel entrepreneurial pour acc\u00e9l\u00e9rer la cr\u00e9ation d&#8217;emplois en Mauritanie, saluant l&#8217;organisation de cette initiative qui rassemble les acteurs de l&#8217;\u00e9cosyst\u00e8me entrepreneurial.<\/p>\n<p>Il a ajout\u00e9 que l&#8217;entrepreneuriat est un levier essentiel pour la cr\u00e9ation d&#8217;emplois, saluant le choix judicieux des th\u00e8mes programm\u00e9s pour cette journ\u00e9e, tels que l&#8217;encouragement de l&#8217;entrepreneuriat chez les jeunes et les femmes, l&#8217;identification des secteurs prometteurs et les opportunit\u00e9s r\u00e9gionales.<\/p>\n<p>Les travaux de lancement de cette journ\u00e9e se sont d\u00e9roul\u00e9s en pr\u00e9sence du ministre de la Formation professionnelle, de l&#8217;Artisanat et des M\u00e9tiers, M. Mohamed Maalainine Ould Eyih, du ministre des Mines et de l&#8217;Industrie, M. Thiam Tijani, du Secr\u00e9taire g\u00e9n\u00e9ral du minist\u00e8re de l&#8217;Autonomisation des jeunes, de l&#8217;Emploi, des Sports et du Service civique, du wali de Nouakchott Ouest, du maire de la commune de Tevragh Zeina, et de plusieurs cadres du secteur.<\/p>\n","protected":false},"excerpt":{"rendered":"<p>Les activit\u00e9s de la Journ\u00e9e nationale de l&#8217;entrepreneuriat, organis\u00e9e ce jeudi matin \u00e0 Nouakchott par le minist\u00e8re de l&#8217;Autonomisation des jeunes, de l&#8217;Emploi, des Sports et du Service civique, sous le th\u00e8me : &#8220;Lib\u00e9rer les \u00e9nergies entrepreneuriales pour cr\u00e9er des opportunit\u00e9s d&#8217;emploi&#8221;, ont d\u00e9but\u00e9 ce jeudi \u00e0 Nouakchott. L&#8217;organisation de cette journ\u00e9e s&#8217;inscrit dans le [&hellip;]<\/p>\n","protected":false},"author":5,"featured_media":288197,"comment_status":"open","ping_status":"open","sticky":false,"template":"","format":"standard","meta":{"footnotes":""},"categories":[63920,63957,63959,63927],"tags":[],"class_list":["post-288196","post","type-post","status-publish","format-standard","has-post-thumbnail","hentry","category-a-la-une","category-fil-dactualite","category-mauritanie","category-slider-mauritanie"],"_links":{"self":[{"href":"https:\/\/ami.mr\/fr\/wp-json\/wp\/v2\/posts\/288196","targetHints":{"allow":["GET"]}}],"collection":[{"href":"https:\/\/ami.mr\/fr\/wp-json\/wp\/v2\/posts"}],"about":[{"href":"https:\/\/ami.mr\/fr\/wp-json\/wp\/v2\/types\/post"}],"author":[{"embeddable":true,"href":"https:\/\/ami.mr\/fr\/wp-json\/wp\/v2\/users\/5"}],"replies":[{"embeddable":true,"href":"https:\/\/ami.mr\/fr\/wp-json\/wp\/v2\/comments?post=288196"}],"version-history":[{"count":1,"href":"https:\/\/ami.mr\/fr\/wp-json\/wp\/v2\/posts\/288196\/revisions"}],"predecessor-version":[{"id":288198,"href":"https:\/\/ami.mr\/fr\/wp-json\/wp\/v2\/posts\/288196\/revisions\/288198"}],"wp:featuredmedia":[{"embeddable":true,"href":"https:\/\/ami.mr\/fr\/wp-json\/wp\/v2\/media\/288197"}],"wp:attachment":[{"href":"https:\/\/ami.mr\/fr\/wp-json\/wp\/v2\/media?parent=288196"}],"wp:term":[{"taxonomy":"category","embeddable":true,"href":"https:\/\/ami.mr\/fr\/wp-json\/wp\/v2\/categories?post=288196"},{"taxonomy":"post_tag","embeddable":true,"href":"https:\/\/ami.mr\/fr\/wp-json\/wp\/v2\/tags?post=288196"}],"curies":[{"name":"wp","href":"https:\/\/api.w.org\/{rel}","templated":true}]}}