{"id":288191,"date":"2026-01-29T19:00:36","date_gmt":"2026-01-29T19:00:36","guid":{"rendered":"https:\/\/ami.mr\/fr\/?p=288191"},"modified":"2026-01-29T19:00:36","modified_gmt":"2026-01-29T19:00:36","slug":"organisation-dun-atelier-pour-presenter-les-resultats-dune-etude-devaluation-des-emissions-de-gaz-a-effet-de-serre-au-niveau-du-systeme-de-sante","status":"publish","type":"post","link":"https:\/\/ami.mr\/fr\/archives\/288191","title":{"rendered":"Organisation d&#8217;un atelier pour pr\u00e9senter les r\u00e9sultats d&#8217;une \u00e9tude d&#8217;\u00e9valuation des \u00e9missions de gaz \u00e0 effet de serre au niveau du syst\u00e8me de sant\u00e9"},"content":{"rendered":"<p>Le minist\u00e8re de la Sant\u00e9 a organis\u00e9, ce jeudi, \u00e0 Nouakchott, un atelier pour pr\u00e9senter les r\u00e9sultats d&#8217;une \u00e9tude d&#8217;\u00e9valuation des \u00e9missions de gaz \u00e0 effet de serre au niveau du syst\u00e8me de sant\u00e9 en Mauritanie, en collaboration avec la direction de la s\u00e9curit\u00e9 sanitaire.<\/p>\n<p>Cet atelier s&#8217;inscrit au c\u0153ur des orientations strat\u00e9giques du gouvernement, qui a fait de la sant\u00e9, de l&#8217;environnement et du d\u00e9veloppement durable des axes int\u00e9gr\u00e9s de sa vision globale pour construire un avenir s\u00fbr et juste pour les g\u00e9n\u00e9rations futures.<\/p>\n<p>Le charg\u00e9 de mission au minist\u00e8re de la Sant\u00e9, M. Cheikh Baye Ould M&#8217;khaitrat, a expliqu\u00e9 que Son Excellence le Pr\u00e9sident de la R\u00e9publique, M. Mohamed Ould Cheikh El Ghazouani, a soulign\u00e9, dans son programme \u00e9lectoral &#8220;Mon ambition pour la patrie&#8221; que la sant\u00e9 du citoyen est indissociable de la protection de son environnement, et que le v\u00e9ritable d\u00e9veloppement ne peut \u00eatre atteint que s&#8217;il est un d\u00e9veloppement durable \u00e9quitable, capable de r\u00e9sister aux d\u00e9fis climatiques.<\/p>\n<p>Il a indiqu\u00e9 que le gouvernement a traduit cette vision en politiques publiques claires qui placent l&#8217;\u00eatre humain au centre de l&#8217;action gouvernementale, et \u0153uvrent \u00e0 renforcer la justice sociale, \u00e0 r\u00e9duire la vuln\u00e9rabilit\u00e9 et \u00e0 garantir l&#8217;acc\u00e8s de tous \u00e0 des services de sant\u00e9 essentiels de qualit\u00e9, dans un environnement sain et s\u00fbr.<\/p>\n<p>Il a ajout\u00e9 que dans ce contexte, le changement climatique n&#8217;est plus une simple question environnementale, mais est devenu un d\u00e9fi sanitaire et de d\u00e9veloppement par excellence. Le monde est aujourd&#8217;hui confront\u00e9 aux effets croissants de ph\u00e9nom\u00e8nes climatiques extr\u00eames, tels que les vagues de chaleur, les inondations, les perturbations des syst\u00e8mes alimentaires, la propagation des maladies transmissibles et l&#8217;aggravation des probl\u00e8mes de sant\u00e9 mentale.<\/p>\n<p>Il a ajout\u00e9 que l&#8217;\u00e9tude, objet de l&#8217;atelier, a permis d&#8217;\u00e9tablir un inventaire pr\u00e9cis des \u00e9missions de gaz \u00e0 effet de serre au niveau des diff\u00e9rentes composantes de la pyramide sanitaire, y compris la consommation d&#8217;\u00e9nergie, le transport sanitaire, les g\u00e9n\u00e9rateurs, les stations d&#8217;oxyg\u00e8ne, la cha\u00eene du froid, l&#8217;incin\u00e9ration des d\u00e9chets m\u00e9dicaux&#8230; et autres.<\/p>\n<p>Il a pr\u00e9cis\u00e9 que la majeure partie de ces \u00e9missions est concentr\u00e9e dans un nombre limit\u00e9 de sources, ce qui ouvre des perspectives pratiques et r\u00e9alistes d&#8217;intervention par l&#8217;am\u00e9lioration de l&#8217;efficacit\u00e9 \u00e9nerg\u00e9tique, l&#8217;extension de l&#8217;utilisation des \u00e9nergies renouvelables, la rationalisation du transport sanitaire et le renforcement de la gouvernance environnementale au sein des \u00e9tablissements de sant\u00e9.<\/p>\n<p>Il a rappel\u00e9 que cet atelier constituera un espace de consultation et d&#8217;\u00e9change de vues entre les diff\u00e9rents acteurs gouvernementaux, partenaires et experts, afin d&#8217;enrichir ces r\u00e9sultats et de les transformer en politiques et mesures pratiques, permettant d&#8217;am\u00e9liorer la capacit\u00e9 d&#8217;adaptation du syst\u00e8me de sant\u00e9 au changement climatique, de r\u00e9duire son empreinte carbone et de renforcer sa contribution \u00e0 la mise en \u0153uvre des contributions nationales d\u00e9termin\u00e9es de la Mauritanie \u00e0 l&#8217;horizon 2030.<\/p>\n<p>L&#8217;atelier a \u00e9t\u00e9 inaugur\u00e9 en pr\u00e9sence de la directrice de la s\u00e9curit\u00e9 sanitaire, du conseiller Juridique au Minist\u00e8re de l&#8217;Environnement et du d\u00e9veloppement durable, et de repr\u00e9sentants des secteurs concern\u00e9s.<\/p>\n","protected":false},"excerpt":{"rendered":"<p>Le minist\u00e8re de la Sant\u00e9 a organis\u00e9, ce jeudi, \u00e0 Nouakchott, un atelier pour pr\u00e9senter les r\u00e9sultats d&#8217;une \u00e9tude d&#8217;\u00e9valuation des \u00e9missions de gaz \u00e0 effet de serre au niveau du syst\u00e8me de sant\u00e9 en Mauritanie, en collaboration avec la direction de la s\u00e9curit\u00e9 sanitaire. Cet atelier s&#8217;inscrit au c\u0153ur des orientations strat\u00e9giques du gouvernement, [&hellip;]<\/p>\n","protected":false},"author":5,"featured_media":288192,"comment_status":"open","ping_status":"open","sticky":false,"template":"","format":"standard","meta":{"footnotes":""},"categories":[63918,63957,63959,63927],"tags":[],"class_list":["post-288191","post","type-post","status-publish","format-standard","has-post-thumbnail","hentry","category-autres","category-fil-dactualite","category-mauritanie","category-slider-mauritanie"],"_links":{"self":[{"href":"https:\/\/ami.mr\/fr\/wp-json\/wp\/v2\/posts\/288191","targetHints":{"allow":["GET"]}}],"collection":[{"href":"https:\/\/ami.mr\/fr\/wp-json\/wp\/v2\/posts"}],"about":[{"href":"https:\/\/ami.mr\/fr\/wp-json\/wp\/v2\/types\/post"}],"author":[{"embeddable":true,"href":"https:\/\/ami.mr\/fr\/wp-json\/wp\/v2\/users\/5"}],"replies":[{"embeddable":true,"href":"https:\/\/ami.mr\/fr\/wp-json\/wp\/v2\/comments?post=288191"}],"version-history":[{"count":1,"href":"https:\/\/ami.mr\/fr\/wp-json\/wp\/v2\/posts\/288191\/revisions"}],"predecessor-version":[{"id":288193,"href":"https:\/\/ami.mr\/fr\/wp-json\/wp\/v2\/posts\/288191\/revisions\/288193"}],"wp:featuredmedia":[{"embeddable":true,"href":"https:\/\/ami.mr\/fr\/wp-json\/wp\/v2\/media\/288192"}],"wp:attachment":[{"href":"https:\/\/ami.mr\/fr\/wp-json\/wp\/v2\/media?parent=288191"}],"wp:term":[{"taxonomy":"category","embeddable":true,"href":"https:\/\/ami.mr\/fr\/wp-json\/wp\/v2\/categories?post=288191"},{"taxonomy":"post_tag","embeddable":true,"href":"https:\/\/ami.mr\/fr\/wp-json\/wp\/v2\/tags?post=288191"}],"curies":[{"name":"wp","href":"https:\/\/api.w.org\/{rel}","templated":true}]}}