{"id":288182,"date":"2026-01-29T18:45:14","date_gmt":"2026-01-29T18:45:14","guid":{"rendered":"https:\/\/ami.mr\/fr\/?p=288182"},"modified":"2026-01-31T14:41:07","modified_gmt":"2026-01-31T14:41:07","slug":"le-ministre-des-affaires-islamiques-recoit-une-responsable-onusienne-en-visite-de-travail-en-mauritanie","status":"publish","type":"post","link":"https:\/\/ami.mr\/fr\/archives\/288182","title":{"rendered":"Le ministre des Affaires islamiques re\u00e7oit la repr\u00e9sentante du Bureau ONUDC Mauritanie"},"content":{"rendered":"<p>Le ministre des Affaires islamiques et de l&#8217;Enseignement originel, M. El Fadill Ould Sidaty Ould Ahmed Louly, a re\u00e7u jeudi matin \u00e0 Nouakchott la repr\u00e9sentante du Bureau ONUDC Mauritanie , Mme H\u00e9l\u00e8ne Phan.<\/p>\n<p>Les discussions ont port\u00e9 sur les moyens de renforcer le d\u00e9veloppement des domaines de coop\u00e9ration entre le minist\u00e8re et cette organisation des Nations Unies, ainsi que sur l&#8217;\u00e9valuation des activit\u00e9s et programmes conjoints mis en \u0153uvre au cours de la p\u00e9riode \u00e9coul\u00e9e.<\/p>\n<p>L&#8217;entretien s&#8217;est d\u00e9roul\u00e9 en pr\u00e9sence du Secr\u00e9taire g\u00e9n\u00e9ral du minist\u00e8re, M. Beitallah Ould Ahmed Leswed, du directeur de la programmation et de la Coop\u00e9ration, et du Coordinateur de la cellule de lutte contre le terrorisme et l&#8217;extr\u00e9misme.<\/p>\n","protected":false},"excerpt":{"rendered":"<p>Le ministre des Affaires islamiques et de l&#8217;Enseignement originel, M. El Fadill Ould Sidaty Ould Ahmed Louly, a re\u00e7u jeudi matin \u00e0 Nouakchott la repr\u00e9sentante du Bureau ONUDC Mauritanie , Mme H\u00e9l\u00e8ne Phan. Les discussions ont port\u00e9 sur les moyens de renforcer le d\u00e9veloppement des domaines de coop\u00e9ration entre le minist\u00e8re et cette organisation des [&hellip;]<\/p>\n","protected":false},"author":5,"featured_media":288183,"comment_status":"open","ping_status":"open","sticky":false,"template":"","format":"standard","meta":{"footnotes":""},"categories":[63920,63957,63959,63927],"tags":[],"class_list":["post-288182","post","type-post","status-publish","format-standard","has-post-thumbnail","hentry","category-a-la-une","category-fil-dactualite","category-mauritanie","category-slider-mauritanie"],"_links":{"self":[{"href":"https:\/\/ami.mr\/fr\/wp-json\/wp\/v2\/posts\/288182","targetHints":{"allow":["GET"]}}],"collection":[{"href":"https:\/\/ami.mr\/fr\/wp-json\/wp\/v2\/posts"}],"about":[{"href":"https:\/\/ami.mr\/fr\/wp-json\/wp\/v2\/types\/post"}],"author":[{"embeddable":true,"href":"https:\/\/ami.mr\/fr\/wp-json\/wp\/v2\/users\/5"}],"replies":[{"embeddable":true,"href":"https:\/\/ami.mr\/fr\/wp-json\/wp\/v2\/comments?post=288182"}],"version-history":[{"count":4,"href":"https:\/\/ami.mr\/fr\/wp-json\/wp\/v2\/posts\/288182\/revisions"}],"predecessor-version":[{"id":288357,"href":"https:\/\/ami.mr\/fr\/wp-json\/wp\/v2\/posts\/288182\/revisions\/288357"}],"wp:featuredmedia":[{"embeddable":true,"href":"https:\/\/ami.mr\/fr\/wp-json\/wp\/v2\/media\/288183"}],"wp:attachment":[{"href":"https:\/\/ami.mr\/fr\/wp-json\/wp\/v2\/media?parent=288182"}],"wp:term":[{"taxonomy":"category","embeddable":true,"href":"https:\/\/ami.mr\/fr\/wp-json\/wp\/v2\/categories?post=288182"},{"taxonomy":"post_tag","embeddable":true,"href":"https:\/\/ami.mr\/fr\/wp-json\/wp\/v2\/tags?post=288182"}],"curies":[{"name":"wp","href":"https:\/\/api.w.org\/{rel}","templated":true}]}}